{"id":81,"date":"2024-01-29T10:29:23","date_gmt":"2024-01-29T09:29:23","guid":{"rendered":"https:\/\/portail-animation.ufcv.fr\/periscolaire-maxeville\/?p=81"},"modified":"2024-02-07T16:04:53","modified_gmt":"2024-02-07T15:04:53","slug":"exploration-creative-avec-les-mandalas-de-sable-a-lecole-maternelle-moselly","status":"publish","type":"post","link":"https:\/\/portail-animation.ufcv.fr\/periscolaire-maxeville\/2024\/01\/29\/exploration-creative-avec-les-mandalas-de-sable-a-lecole-maternelle-moselly\/","title":{"rendered":"Initiation aux Mandalas de Sable \u00e0 l&rsquo;\u00c9cole Maternelle Moselly"},"content":{"rendered":"\n<p class=\"has-medium-font-size\">Les petits artistes de l&rsquo;\u00e9cole maternelle Moselly ont r\u00e9cemment plong\u00e9 dans le monde enchanteur des mandalas de sable lors d&rsquo;une activit\u00e9 organis\u00e9e par l&rsquo;intervenante en yoga, Anne-Elisabeth.<\/p>\n\n\n<div class=\"wp-block-image\">\n<figure class=\"aligncenter size-large is-resized\"><img loading=\"lazy\" decoding=\"async\" src=\"https:\/\/portail-animation.ufcv.fr\/periscolaire-maxeville\/wp-content\/uploads\/sites\/252\/2024\/01\/photo_5891072461859045030_y-768x1024.jpg\" alt=\"\" class=\"wp-image-83\" style=\"width:325px;height:432px\" width=\"325\" height=\"432\" srcset=\"https:\/\/portail-animation.ufcv.fr\/periscolaire-maxeville\/wp-content\/uploads\/sites\/252\/2024\/01\/photo_5891072461859045030_y-768x1024.jpg 768w, https:\/\/portail-animation.ufcv.fr\/periscolaire-maxeville\/wp-content\/uploads\/sites\/252\/2024\/01\/photo_5891072461859045030_y-225x300.jpg 225w, https:\/\/portail-animation.ufcv.fr\/periscolaire-maxeville\/wp-content\/uploads\/sites\/252\/2024\/01\/photo_5891072461859045030_y-60x80.jpg 60w, https:\/\/portail-animation.ufcv.fr\/periscolaire-maxeville\/wp-content\/uploads\/sites\/252\/2024\/01\/photo_5891072461859045030_y-170x227.jpg 170w, https:\/\/portail-animation.ufcv.fr\/periscolaire-maxeville\/wp-content\/uploads\/sites\/252\/2024\/01\/photo_5891072461859045030_y.jpg 960w\" sizes=\"auto, (max-width: 325px) 100vw, 325px\" \/><\/figure><\/div>\n\n\n<p class=\"has-medium-font-size\">Cet \u00e9v\u00e9nement captivant a permis aux enfants de la maternelle de s&rsquo;immerger dans une exp\u00e9rience artistique unique, combinant la cr\u00e9ativit\u00e9 avec les bienfaits apaisants du yoga. Les mandalas de sable, avec leurs motifs sym\u00e9triques et leurs couleurs vibrantes, ont captiv\u00e9 l&rsquo;imagination des petits artistes en herbe.<\/p>\n\n\n<div class=\"wp-block-image\">\n<figure class=\"aligncenter size-large is-resized\"><img loading=\"lazy\" decoding=\"async\" src=\"https:\/\/portail-animation.ufcv.fr\/periscolaire-maxeville\/wp-content\/uploads\/sites\/252\/2024\/01\/photo_5891072461859045031_y-768x1024.jpg\" alt=\"\" class=\"wp-image-84\" style=\"width:318px;height:424px\" width=\"318\" height=\"424\" srcset=\"https:\/\/portail-animation.ufcv.fr\/periscolaire-maxeville\/wp-content\/uploads\/sites\/252\/2024\/01\/photo_5891072461859045031_y-768x1024.jpg 768w, https:\/\/portail-animation.ufcv.fr\/periscolaire-maxeville\/wp-content\/uploads\/sites\/252\/2024\/01\/photo_5891072461859045031_y-225x300.jpg 225w, https:\/\/portail-animation.ufcv.fr\/periscolaire-maxeville\/wp-content\/uploads\/sites\/252\/2024\/01\/photo_5891072461859045031_y-60x80.jpg 60w, https:\/\/portail-animation.ufcv.fr\/periscolaire-maxeville\/wp-content\/uploads\/sites\/252\/2024\/01\/photo_5891072461859045031_y-170x227.jpg 170w, https:\/\/portail-animation.ufcv.fr\/periscolaire-maxeville\/wp-content\/uploads\/sites\/252\/2024\/01\/photo_5891072461859045031_y.jpg 960w\" sizes=\"auto, (max-width: 318px) 100vw, 318px\" \/><\/figure><\/div>\n\n\n<p><\/p>\n\n\n\n<p class=\"has-medium-font-size\">Sous la direction attentionn\u00e9e d&rsquo;Anne-Elisabeth, les enfants ont \u00e9t\u00e9 guid\u00e9s \u00e0 travers chaque \u00e9tape de la cr\u00e9ation de leur propre mandala de sable. De la pr\u00e9paration de la surface \u00e0 la s\u00e9lection des couleurs et \u00e0 la disposition soign\u00e9e des grains de sable, chaque enfant a pu exprimer sa cr\u00e9ativit\u00e9 de mani\u00e8re unique.<\/p>\n\n\n<div class=\"wp-block-image\">\n<figure class=\"aligncenter size-large is-resized\"><img loading=\"lazy\" decoding=\"async\" src=\"https:\/\/portail-animation.ufcv.fr\/periscolaire-maxeville\/wp-content\/uploads\/sites\/252\/2024\/01\/photo_5891072461859045041_y-902x1024.jpg\" alt=\"\" class=\"wp-image-92\" style=\"width:338px;height:384px\" width=\"338\" height=\"384\" srcset=\"https:\/\/portail-animation.ufcv.fr\/periscolaire-maxeville\/wp-content\/uploads\/sites\/252\/2024\/01\/photo_5891072461859045041_y-902x1024.jpg 902w, https:\/\/portail-animation.ufcv.fr\/periscolaire-maxeville\/wp-content\/uploads\/sites\/252\/2024\/01\/photo_5891072461859045041_y-264x300.jpg 264w, https:\/\/portail-animation.ufcv.fr\/periscolaire-maxeville\/wp-content\/uploads\/sites\/252\/2024\/01\/photo_5891072461859045041_y-768x872.jpg 768w, https:\/\/portail-animation.ufcv.fr\/periscolaire-maxeville\/wp-content\/uploads\/sites\/252\/2024\/01\/photo_5891072461859045041_y-70x80.jpg 70w, https:\/\/portail-animation.ufcv.fr\/periscolaire-maxeville\/wp-content\/uploads\/sites\/252\/2024\/01\/photo_5891072461859045041_y-200x227.jpg 200w, https:\/\/portail-animation.ufcv.fr\/periscolaire-maxeville\/wp-content\/uploads\/sites\/252\/2024\/01\/photo_5891072461859045041_y.jpg 1127w\" sizes=\"auto, (max-width: 338px) 100vw, 338px\" \/><\/figure><\/div>\n\n\n<p class=\"has-medium-font-size\">L&rsquo;activit\u00e9 de mandala de sable ne se limitait pas seulement \u00e0 la cr\u00e9ativit\u00e9 artistique. Anne-Elisabeth a incorpor\u00e9 des \u00e9l\u00e9ments de yoga pour aider les enfants \u00e0 se d\u00e9tendre et \u00e0 se concentrer pendant le processus de cr\u00e9ation. Les enfants ont ainsi appris \u00e0 respirer profond\u00e9ment, \u00e0 se connecter avec leur cr\u00e9ativit\u00e9 int\u00e9rieure et \u00e0 appr\u00e9cier le moment pr\u00e9sent.<\/p>\n\n\n<div class=\"wp-block-image\">\n<figure class=\"aligncenter size-large is-resized\"><img loading=\"lazy\" decoding=\"async\" src=\"https:\/\/portail-animation.ufcv.fr\/periscolaire-maxeville\/wp-content\/uploads\/sites\/252\/2024\/01\/photo_5877474874572783405_y-576x1024.jpg\" alt=\"\" class=\"wp-image-85\" style=\"width:311px;height:553px\" width=\"311\" height=\"553\" srcset=\"https:\/\/portail-animation.ufcv.fr\/periscolaire-maxeville\/wp-content\/uploads\/sites\/252\/2024\/01\/photo_5877474874572783405_y-576x1024.jpg 576w, https:\/\/portail-animation.ufcv.fr\/periscolaire-maxeville\/wp-content\/uploads\/sites\/252\/2024\/01\/photo_5877474874572783405_y-169x300.jpg 169w, https:\/\/portail-animation.ufcv.fr\/periscolaire-maxeville\/wp-content\/uploads\/sites\/252\/2024\/01\/photo_5877474874572783405_y-45x80.jpg 45w, https:\/\/portail-animation.ufcv.fr\/periscolaire-maxeville\/wp-content\/uploads\/sites\/252\/2024\/01\/photo_5877474874572783405_y-128x227.jpg 128w, https:\/\/portail-animation.ufcv.fr\/periscolaire-maxeville\/wp-content\/uploads\/sites\/252\/2024\/01\/photo_5877474874572783405_y.jpg 720w\" sizes=\"auto, (max-width: 311px) 100vw, 311px\" \/><\/figure><\/div>\n\n\n<p class=\"has-medium-font-size\">Les mandalas de sable cr\u00e9\u00e9s par les enfants sont devenus de v\u00e9ritables \u0153uvres d&rsquo;art \u00e9ph\u00e9m\u00e8res, capturant la magie de leur imagination et de leur joie. Chaque cr\u00e9ation est une expression unique de la personnalit\u00e9 de l&rsquo;enfant, refl\u00e9tant ses couleurs pr\u00e9f\u00e9r\u00e9es, ses formes pr\u00e9f\u00e9r\u00e9es et sa propre interpr\u00e9tation du mandala.<\/p>\n","protected":false},"excerpt":{"rendered":"<p>Les petits artistes de l&rsquo;\u00e9cole maternelle Moselly ont r\u00e9cemment plong\u00e9 dans le monde enchanteur des mandalas de sable lors d&rsquo;une activit\u00e9 organis\u00e9e par l&rsquo;intervenante en yoga, Anne-Elisabeth. Cet \u00e9v\u00e9nement captivant a permis aux enfants de la maternelle de s&rsquo;immerger dans [&hellip;]<\/p>\n","protected":false},"author":225,"featured_media":0,"comment_status":"open","ping_status":"open","sticky":false,"template":"","format":"standard","meta":{"_acf_changed":false,"footnotes":""},"categories":[1],"tags":[],"class_list":["post-81","post","type-post","status-publish","format-standard","hentry","category-mos"],"acf":[],"yoast_head":"<!-- This site is optimized with the Yoast SEO plugin v23.9 - https:\/\/yoast.com\/wordpress\/plugins\/seo\/ -->\r\n<title>Initiation aux Mandalas de Sable \u00e0 l&#039;\u00c9cole Maternelle Moselly - Max Anim<\/title>\r\n<meta name=\"robots\" content=\"index, follow, max-snippet:-1, max-image-preview:large, max-video-preview:-1\" \/>\r\n<link rel=\"canonical\" href=\"https:\/\/portail-animation.ufcv.fr\/periscolaire-maxeville\/2024\/01\/29\/exploration-creative-avec-les-mandalas-de-sable-a-lecole-maternelle-moselly\/\" \/>\r\n<meta property=\"og:locale\" content=\"fr_FR\" \/>\r\n<meta property=\"og:type\" content=\"article\" \/>\r\n<meta property=\"og:title\" content=\"Initiation aux Mandalas de Sable \u00e0 l&#039;\u00c9cole Maternelle Moselly - Max Anim\" \/>\r\n<meta property=\"og:description\" content=\"Les petits artistes de l&rsquo;\u00e9cole maternelle Moselly ont r\u00e9cemment plong\u00e9 dans le monde enchanteur des mandalas de sable lors d&rsquo;une activit\u00e9 organis\u00e9e par l&rsquo;intervenante en yoga, Anne-Elisabeth. Cet \u00e9v\u00e9nement captivant a permis aux enfants de la maternelle de s&rsquo;immerger dans [&hellip;]\" \/>\r\n<meta property=\"og:url\" content=\"https:\/\/portail-animation.ufcv.fr\/periscolaire-maxeville\/2024\/01\/29\/exploration-creative-avec-les-mandalas-de-sable-a-lecole-maternelle-moselly\/\" \/>\r\n<meta property=\"og:site_name\" content=\"Max Anim\" \/>\r\n<meta property=\"article:published_time\" content=\"2024-01-29T09:29:23+00:00\" \/>\r\n<meta property=\"article:modified_time\" content=\"2024-02-07T15:04:53+00:00\" \/>\r\n<meta property=\"og:image\" content=\"https:\/\/portail-animation.ufcv.fr\/periscolaire-maxeville\/wp-content\/uploads\/sites\/252\/2024\/01\/photo_5891072461859045030_y-768x1024.jpg\" \/>\r\n<meta name=\"author\" content=\"bloucif\" \/>\r\n<meta name=\"twitter:card\" content=\"summary_large_image\" \/>\r\n<meta name=\"twitter:label1\" content=\"\u00c9crit par\" \/>\n\t<meta name=\"twitter:data1\" content=\"bloucif\" \/>\n\t<meta name=\"twitter:label2\" content=\"Dur\u00e9e de lecture estim\u00e9e\" \/>\n\t<meta name=\"twitter:data2\" content=\"2 minutes\" \/>\r\n<script type=\"application\/ld+json\" class=\"yoast-schema-graph\">{\"@context\":\"https:\/\/schema.org\",\"@graph\":[{\"@type\":\"WebPage\",\"@id\":\"https:\/\/portail-animation.ufcv.fr\/periscolaire-maxeville\/2024\/01\/29\/exploration-creative-avec-les-mandalas-de-sable-a-lecole-maternelle-moselly\/\",\"url\":\"https:\/\/portail-animation.ufcv.fr\/periscolaire-maxeville\/2024\/01\/29\/exploration-creative-avec-les-mandalas-de-sable-a-lecole-maternelle-moselly\/\",\"name\":\"Initiation aux Mandalas de Sable \u00e0 l'\u00c9cole Maternelle Moselly - Max Anim\",\"isPartOf\":{\"@id\":\"https:\/\/portail-animation.ufcv.fr\/periscolaire-maxeville\/#website\"},\"primaryImageOfPage\":{\"@id\":\"https:\/\/portail-animation.ufcv.fr\/periscolaire-maxeville\/2024\/01\/29\/exploration-creative-avec-les-mandalas-de-sable-a-lecole-maternelle-moselly\/#primaryimage\"},\"image\":{\"@id\":\"https:\/\/portail-animation.ufcv.fr\/periscolaire-maxeville\/2024\/01\/29\/exploration-creative-avec-les-mandalas-de-sable-a-lecole-maternelle-moselly\/#primaryimage\"},\"thumbnailUrl\":\"https:\/\/portail-animation.ufcv.fr\/periscolaire-maxeville\/wp-content\/uploads\/sites\/252\/2024\/01\/photo_5891072461859045030_y-768x1024.jpg\",\"datePublished\":\"2024-01-29T09:29:23+00:00\",\"dateModified\":\"2024-02-07T15:04:53+00:00\",\"author\":{\"@id\":\"https:\/\/portail-animation.ufcv.fr\/periscolaire-maxeville\/#\/schema\/person\/89ace4a814d580bf5e620717c3f7454b\"},\"breadcrumb\":{\"@id\":\"https:\/\/portail-animation.ufcv.fr\/periscolaire-maxeville\/2024\/01\/29\/exploration-creative-avec-les-mandalas-de-sable-a-lecole-maternelle-moselly\/#breadcrumb\"},\"inLanguage\":\"fr-FR\",\"potentialAction\":[{\"@type\":\"ReadAction\",\"target\":[\"https:\/\/portail-animation.ufcv.fr\/periscolaire-maxeville\/2024\/01\/29\/exploration-creative-avec-les-mandalas-de-sable-a-lecole-maternelle-moselly\/\"]}]},{\"@type\":\"ImageObject\",\"inLanguage\":\"fr-FR\",\"@id\":\"https:\/\/portail-animation.ufcv.fr\/periscolaire-maxeville\/2024\/01\/29\/exploration-creative-avec-les-mandalas-de-sable-a-lecole-maternelle-moselly\/#primaryimage\",\"url\":\"https:\/\/portail-animation.ufcv.fr\/periscolaire-maxeville\/wp-content\/uploads\/sites\/252\/2024\/01\/photo_5891072461859045030_y.jpg\",\"contentUrl\":\"https:\/\/portail-animation.ufcv.fr\/periscolaire-maxeville\/wp-content\/uploads\/sites\/252\/2024\/01\/photo_5891072461859045030_y.jpg\",\"width\":960,\"height\":1280},{\"@type\":\"BreadcrumbList\",\"@id\":\"https:\/\/portail-animation.ufcv.fr\/periscolaire-maxeville\/2024\/01\/29\/exploration-creative-avec-les-mandalas-de-sable-a-lecole-maternelle-moselly\/#breadcrumb\",\"itemListElement\":[{\"@type\":\"ListItem\",\"position\":1,\"name\":\"Accueil\",\"item\":\"https:\/\/portail-animation.ufcv.fr\/periscolaire-maxeville\/\"},{\"@type\":\"ListItem\",\"position\":2,\"name\":\"Initiation aux Mandalas de Sable \u00e0 l&rsquo;\u00c9cole Maternelle Moselly\"}]},{\"@type\":\"WebSite\",\"@id\":\"https:\/\/portail-animation.ufcv.fr\/periscolaire-maxeville\/#website\",\"url\":\"https:\/\/portail-animation.ufcv.fr\/periscolaire-maxeville\/\",\"name\":\"Max Anim\",\"description\":\"Un site utilisant R\u00e9seau Portail Animation\",\"potentialAction\":[{\"@type\":\"SearchAction\",\"target\":{\"@type\":\"EntryPoint\",\"urlTemplate\":\"https:\/\/portail-animation.ufcv.fr\/periscolaire-maxeville\/?s={search_term_string}\"},\"query-input\":{\"@type\":\"PropertyValueSpecification\",\"valueRequired\":true,\"valueName\":\"search_term_string\"}}],\"inLanguage\":\"fr-FR\"},{\"@type\":\"Person\",\"@id\":\"https:\/\/portail-animation.ufcv.fr\/periscolaire-maxeville\/#\/schema\/person\/89ace4a814d580bf5e620717c3f7454b\",\"name\":\"bloucif\",\"image\":{\"@type\":\"ImageObject\",\"inLanguage\":\"fr-FR\",\"@id\":\"https:\/\/portail-animation.ufcv.fr\/periscolaire-maxeville\/#\/schema\/person\/image\/\",\"url\":\"https:\/\/secure.gravatar.com\/avatar\/4cedc024b6c2bfd9e825072e7278fa7f?s=96&d=mm&r=g\",\"contentUrl\":\"https:\/\/secure.gravatar.com\/avatar\/4cedc024b6c2bfd9e825072e7278fa7f?s=96&d=mm&r=g\",\"caption\":\"bloucif\"},\"url\":\"https:\/\/portail-animation.ufcv.fr\/periscolaire-maxeville\/author\/bloucif\/\"}]}<\/script>\r\n<!-- \/ Yoast SEO plugin. -->","yoast_head_json":{"title":"Initiation aux Mandalas de Sable \u00e0 l'\u00c9cole Maternelle Moselly - Max Anim","robots":{"index":"index","follow":"follow","max-snippet":"max-snippet:-1","max-image-preview":"max-image-preview:large","max-video-preview":"max-video-preview:-1"},"canonical":"https:\/\/portail-animation.ufcv.fr\/periscolaire-maxeville\/2024\/01\/29\/exploration-creative-avec-les-mandalas-de-sable-a-lecole-maternelle-moselly\/","og_locale":"fr_FR","og_type":"article","og_title":"Initiation aux Mandalas de Sable \u00e0 l'\u00c9cole Maternelle Moselly - Max Anim","og_description":"Les petits artistes de l&rsquo;\u00e9cole maternelle Moselly ont r\u00e9cemment plong\u00e9 dans le monde enchanteur des mandalas de sable lors d&rsquo;une activit\u00e9 organis\u00e9e par l&rsquo;intervenante en yoga, Anne-Elisabeth. Cet \u00e9v\u00e9nement captivant a permis aux enfants de la maternelle de s&rsquo;immerger dans [&hellip;]","og_url":"https:\/\/portail-animation.ufcv.fr\/periscolaire-maxeville\/2024\/01\/29\/exploration-creative-avec-les-mandalas-de-sable-a-lecole-maternelle-moselly\/","og_site_name":"Max Anim","article_published_time":"2024-01-29T09:29:23+00:00","article_modified_time":"2024-02-07T15:04:53+00:00","og_image":[{"url":"https:\/\/portail-animation.ufcv.fr\/periscolaire-maxeville\/wp-content\/uploads\/sites\/252\/2024\/01\/photo_5891072461859045030_y-768x1024.jpg"}],"author":"bloucif","twitter_card":"summary_large_image","twitter_misc":{"\u00c9crit par":"bloucif","Dur\u00e9e de lecture estim\u00e9e":"2 minutes"},"schema":{"@context":"https:\/\/schema.org","@graph":[{"@type":"WebPage","@id":"https:\/\/portail-animation.ufcv.fr\/periscolaire-maxeville\/2024\/01\/29\/exploration-creative-avec-les-mandalas-de-sable-a-lecole-maternelle-moselly\/","url":"https:\/\/portail-animation.ufcv.fr\/periscolaire-maxeville\/2024\/01\/29\/exploration-creative-avec-les-mandalas-de-sable-a-lecole-maternelle-moselly\/","name":"Initiation aux Mandalas de Sable \u00e0 l'\u00c9cole Maternelle Moselly - Max Anim","isPartOf":{"@id":"https:\/\/portail-animation.ufcv.fr\/periscolaire-maxeville\/#website"},"primaryImageOfPage":{"@id":"https:\/\/portail-animation.ufcv.fr\/periscolaire-maxeville\/2024\/01\/29\/exploration-creative-avec-les-mandalas-de-sable-a-lecole-maternelle-moselly\/#primaryimage"},"image":{"@id":"https:\/\/portail-animation.ufcv.fr\/periscolaire-maxeville\/2024\/01\/29\/exploration-creative-avec-les-mandalas-de-sable-a-lecole-maternelle-moselly\/#primaryimage"},"thumbnailUrl":"https:\/\/portail-animation.ufcv.fr\/periscolaire-maxeville\/wp-content\/uploads\/sites\/252\/2024\/01\/photo_5891072461859045030_y-768x1024.jpg","datePublished":"2024-01-29T09:29:23+00:00","dateModified":"2024-02-07T15:04:53+00:00","author":{"@id":"https:\/\/portail-animation.ufcv.fr\/periscolaire-maxeville\/#\/schema\/person\/89ace4a814d580bf5e620717c3f7454b"},"breadcrumb":{"@id":"https:\/\/portail-animation.ufcv.fr\/periscolaire-maxeville\/2024\/01\/29\/exploration-creative-avec-les-mandalas-de-sable-a-lecole-maternelle-moselly\/#breadcrumb"},"inLanguage":"fr-FR","potentialAction":[{"@type":"ReadAction","target":["https:\/\/portail-animation.ufcv.fr\/periscolaire-maxeville\/2024\/01\/29\/exploration-creative-avec-les-mandalas-de-sable-a-lecole-maternelle-moselly\/"]}]},{"@type":"ImageObject","inLanguage":"fr-FR","@id":"https:\/\/portail-animation.ufcv.fr\/periscolaire-maxeville\/2024\/01\/29\/exploration-creative-avec-les-mandalas-de-sable-a-lecole-maternelle-moselly\/#primaryimage","url":"https:\/\/portail-animation.ufcv.fr\/periscolaire-maxeville\/wp-content\/uploads\/sites\/252\/2024\/01\/photo_5891072461859045030_y.jpg","contentUrl":"https:\/\/portail-animation.ufcv.fr\/periscolaire-maxeville\/wp-content\/uploads\/sites\/252\/2024\/01\/photo_5891072461859045030_y.jpg","width":960,"height":1280},{"@type":"BreadcrumbList","@id":"https:\/\/portail-animation.ufcv.fr\/periscolaire-maxeville\/2024\/01\/29\/exploration-creative-avec-les-mandalas-de-sable-a-lecole-maternelle-moselly\/#breadcrumb","itemListElement":[{"@type":"ListItem","position":1,"name":"Accueil","item":"https:\/\/portail-animation.ufcv.fr\/periscolaire-maxeville\/"},{"@type":"ListItem","position":2,"name":"Initiation aux Mandalas de Sable \u00e0 l&rsquo;\u00c9cole Maternelle Moselly"}]},{"@type":"WebSite","@id":"https:\/\/portail-animation.ufcv.fr\/periscolaire-maxeville\/#website","url":"https:\/\/portail-animation.ufcv.fr\/periscolaire-maxeville\/","name":"Max Anim","description":"Un site utilisant R\u00e9seau Portail Animation","potentialAction":[{"@type":"SearchAction","target":{"@type":"EntryPoint","urlTemplate":"https:\/\/portail-animation.ufcv.fr\/periscolaire-maxeville\/?s={search_term_string}"},"query-input":{"@type":"PropertyValueSpecification","valueRequired":true,"valueName":"search_term_string"}}],"inLanguage":"fr-FR"},{"@type":"Person","@id":"https:\/\/portail-animation.ufcv.fr\/periscolaire-maxeville\/#\/schema\/person\/89ace4a814d580bf5e620717c3f7454b","name":"bloucif","image":{"@type":"ImageObject","inLanguage":"fr-FR","@id":"https:\/\/portail-animation.ufcv.fr\/periscolaire-maxeville\/#\/schema\/person\/image\/","url":"https:\/\/secure.gravatar.com\/avatar\/4cedc024b6c2bfd9e825072e7278fa7f?s=96&d=mm&r=g","contentUrl":"https:\/\/secure.gravatar.com\/avatar\/4cedc024b6c2bfd9e825072e7278fa7f?s=96&d=mm&r=g","caption":"bloucif"},"url":"https:\/\/portail-animation.ufcv.fr\/periscolaire-maxeville\/author\/bloucif\/"}]}},"_links":{"self":[{"href":"https:\/\/portail-animation.ufcv.fr\/periscolaire-maxeville\/wp-json\/wp\/v2\/posts\/81","targetHints":{"allow":["GET"]}}],"collection":[{"href":"https:\/\/portail-animation.ufcv.fr\/periscolaire-maxeville\/wp-json\/wp\/v2\/posts"}],"about":[{"href":"https:\/\/portail-animation.ufcv.fr\/periscolaire-maxeville\/wp-json\/wp\/v2\/types\/post"}],"author":[{"embeddable":true,"href":"https:\/\/portail-animation.ufcv.fr\/periscolaire-maxeville\/wp-json\/wp\/v2\/users\/225"}],"replies":[{"embeddable":true,"href":"https:\/\/portail-animation.ufcv.fr\/periscolaire-maxeville\/wp-json\/wp\/v2\/comments?post=81"}],"version-history":[{"count":4,"href":"https:\/\/portail-animation.ufcv.fr\/periscolaire-maxeville\/wp-json\/wp\/v2\/posts\/81\/revisions"}],"predecessor-version":[{"id":93,"href":"https:\/\/portail-animation.ufcv.fr\/periscolaire-maxeville\/wp-json\/wp\/v2\/posts\/81\/revisions\/93"}],"wp:attachment":[{"href":"https:\/\/portail-animation.ufcv.fr\/periscolaire-maxeville\/wp-json\/wp\/v2\/media?parent=81"}],"wp:term":[{"taxonomy":"category","embeddable":true,"href":"https:\/\/portail-animation.ufcv.fr\/periscolaire-maxeville\/wp-json\/wp\/v2\/categories?post=81"},{"taxonomy":"post_tag","embeddable":true,"href":"https:\/\/portail-animation.ufcv.fr\/periscolaire-maxeville\/wp-json\/wp\/v2\/tags?post=81"}],"curies":[{"name":"wp","href":"https:\/\/api.w.org\/{rel}","templated":true}]}}