{"id":96,"date":"2024-02-06T21:34:13","date_gmt":"2024-02-06T20:34:13","guid":{"rendered":"https:\/\/portail-animation.ufcv.fr\/periscolaire-maxeville\/?p=96"},"modified":"2024-03-23T15:32:58","modified_gmt":"2024-03-23T14:32:58","slug":"96","status":"publish","type":"post","link":"https:\/\/portail-animation.ufcv.fr\/periscolaire-maxeville\/2024\/02\/06\/96\/","title":{"rendered":"Initiation au tir \u00e0 l&rsquo;arc"},"content":{"rendered":"\n<p class=\"has-medium-font-size\">Au c\u0153ur de notre p\u00e9riscolaire \u00e0 l&rsquo;\u00e9cole maternelle MOSELLY, une nouvelle activit\u00e9 rencontre la curiosit\u00e9 et l&rsquo;\u00e9merveillement des enfants : le tir \u00e0 l&rsquo;arc.<\/p>\n\n\n<div class=\"wp-block-image\">\n<figure class=\"aligncenter size-large\"><img loading=\"lazy\" decoding=\"async\" width=\"576\" height=\"1024\" src=\"https:\/\/portail-animation.ufcv.fr\/periscolaire-maxeville\/wp-content\/uploads\/sites\/252\/2024\/02\/photo_5915623770528270199_y-576x1024.jpg\" alt=\"\" class=\"wp-image-97\" srcset=\"https:\/\/portail-animation.ufcv.fr\/periscolaire-maxeville\/wp-content\/uploads\/sites\/252\/2024\/02\/photo_5915623770528270199_y-576x1024.jpg 576w, https:\/\/portail-animation.ufcv.fr\/periscolaire-maxeville\/wp-content\/uploads\/sites\/252\/2024\/02\/photo_5915623770528270199_y-169x300.jpg 169w, https:\/\/portail-animation.ufcv.fr\/periscolaire-maxeville\/wp-content\/uploads\/sites\/252\/2024\/02\/photo_5915623770528270199_y-45x80.jpg 45w, https:\/\/portail-animation.ufcv.fr\/periscolaire-maxeville\/wp-content\/uploads\/sites\/252\/2024\/02\/photo_5915623770528270199_y-128x227.jpg 128w, https:\/\/portail-animation.ufcv.fr\/periscolaire-maxeville\/wp-content\/uploads\/sites\/252\/2024\/02\/photo_5915623770528270199_y.jpg 720w\" sizes=\"auto, (max-width: 576px) 100vw, 576px\" \/><\/figure><\/div>\n\n\n<p class=\"has-medium-font-size\">L&rsquo;initiation au tir \u00e0 l&rsquo;arc offre aux enfants une opportunit\u00e9 unique d&rsquo;explorer leur force, leur coordination et leur discipline. Encadr\u00e9s par Thierry \u00e9ducateur sportif qualifi\u00e9, nos jeunes archers apprennent les bases de cette technique dans un environnement s\u00fbr et stimulant.<\/p>\n\n\n\n<p><\/p>\n\n\n\n<figure class=\"wp-block-gallery aligncenter has-nested-images columns-default is-cropped wp-block-gallery-1 is-layout-flex wp-block-gallery-is-layout-flex\">\n<figure class=\"wp-block-image size-large\"><img loading=\"lazy\" decoding=\"async\" width=\"768\" height=\"1024\" data-id=\"102\" src=\"https:\/\/portail-animation.ufcv.fr\/periscolaire-maxeville\/wp-content\/uploads\/sites\/252\/2024\/02\/photo_5916024671365613243_y-768x1024.jpg\" alt=\"\" class=\"wp-image-102\" srcset=\"https:\/\/portail-animation.ufcv.fr\/periscolaire-maxeville\/wp-content\/uploads\/sites\/252\/2024\/02\/photo_5916024671365613243_y-768x1024.jpg 768w, https:\/\/portail-animation.ufcv.fr\/periscolaire-maxeville\/wp-content\/uploads\/sites\/252\/2024\/02\/photo_5916024671365613243_y-225x300.jpg 225w, https:\/\/portail-animation.ufcv.fr\/periscolaire-maxeville\/wp-content\/uploads\/sites\/252\/2024\/02\/photo_5916024671365613243_y-60x80.jpg 60w, https:\/\/portail-animation.ufcv.fr\/periscolaire-maxeville\/wp-content\/uploads\/sites\/252\/2024\/02\/photo_5916024671365613243_y-170x227.jpg 170w, https:\/\/portail-animation.ufcv.fr\/periscolaire-maxeville\/wp-content\/uploads\/sites\/252\/2024\/02\/photo_5916024671365613243_y.jpg 960w\" sizes=\"auto, (max-width: 768px) 100vw, 768px\" \/><\/figure>\n\n\n\n<figure class=\"wp-block-image size-large\"><img loading=\"lazy\" decoding=\"async\" width=\"768\" height=\"1024\" data-id=\"103\" src=\"https:\/\/portail-animation.ufcv.fr\/periscolaire-maxeville\/wp-content\/uploads\/sites\/252\/2024\/02\/photo_5916024671365613242_y-768x1024.jpg\" alt=\"\" class=\"wp-image-103\" srcset=\"https:\/\/portail-animation.ufcv.fr\/periscolaire-maxeville\/wp-content\/uploads\/sites\/252\/2024\/02\/photo_5916024671365613242_y-768x1024.jpg 768w, https:\/\/portail-animation.ufcv.fr\/periscolaire-maxeville\/wp-content\/uploads\/sites\/252\/2024\/02\/photo_5916024671365613242_y-225x300.jpg 225w, https:\/\/portail-animation.ufcv.fr\/periscolaire-maxeville\/wp-content\/uploads\/sites\/252\/2024\/02\/photo_5916024671365613242_y-60x80.jpg 60w, https:\/\/portail-animation.ufcv.fr\/periscolaire-maxeville\/wp-content\/uploads\/sites\/252\/2024\/02\/photo_5916024671365613242_y-170x227.jpg 170w, https:\/\/portail-animation.ufcv.fr\/periscolaire-maxeville\/wp-content\/uploads\/sites\/252\/2024\/02\/photo_5916024671365613242_y.jpg 960w\" sizes=\"auto, (max-width: 768px) 100vw, 768px\" \/><\/figure>\n\n\n\n<figure class=\"wp-block-image size-large\"><img loading=\"lazy\" decoding=\"async\" width=\"768\" height=\"1024\" data-id=\"105\" src=\"https:\/\/portail-animation.ufcv.fr\/periscolaire-maxeville\/wp-content\/uploads\/sites\/252\/2024\/02\/photo_5916024671365613240_y-768x1024.jpg\" alt=\"\" class=\"wp-image-105\" srcset=\"https:\/\/portail-animation.ufcv.fr\/periscolaire-maxeville\/wp-content\/uploads\/sites\/252\/2024\/02\/photo_5916024671365613240_y-768x1024.jpg 768w, https:\/\/portail-animation.ufcv.fr\/periscolaire-maxeville\/wp-content\/uploads\/sites\/252\/2024\/02\/photo_5916024671365613240_y-225x300.jpg 225w, https:\/\/portail-animation.ufcv.fr\/periscolaire-maxeville\/wp-content\/uploads\/sites\/252\/2024\/02\/photo_5916024671365613240_y-60x80.jpg 60w, https:\/\/portail-animation.ufcv.fr\/periscolaire-maxeville\/wp-content\/uploads\/sites\/252\/2024\/02\/photo_5916024671365613240_y-170x227.jpg 170w, https:\/\/portail-animation.ufcv.fr\/periscolaire-maxeville\/wp-content\/uploads\/sites\/252\/2024\/02\/photo_5916024671365613240_y.jpg 960w\" sizes=\"auto, (max-width: 768px) 100vw, 768px\" \/><\/figure>\n\n\n\n<figure class=\"wp-block-image size-large\"><img loading=\"lazy\" decoding=\"async\" width=\"443\" height=\"959\" data-id=\"111\" src=\"https:\/\/portail-animation.ufcv.fr\/periscolaire-maxeville\/wp-content\/uploads\/sites\/252\/2024\/02\/photo_5916024671365613239_y-edited.jpg\" alt=\"\" class=\"wp-image-111\" srcset=\"https:\/\/portail-animation.ufcv.fr\/periscolaire-maxeville\/wp-content\/uploads\/sites\/252\/2024\/02\/photo_5916024671365613239_y-edited.jpg 443w, https:\/\/portail-animation.ufcv.fr\/periscolaire-maxeville\/wp-content\/uploads\/sites\/252\/2024\/02\/photo_5916024671365613239_y-edited-139x300.jpg 139w, https:\/\/portail-animation.ufcv.fr\/periscolaire-maxeville\/wp-content\/uploads\/sites\/252\/2024\/02\/photo_5916024671365613239_y-edited-37x80.jpg 37w, https:\/\/portail-animation.ufcv.fr\/periscolaire-maxeville\/wp-content\/uploads\/sites\/252\/2024\/02\/photo_5916024671365613239_y-edited-105x227.jpg 105w\" sizes=\"auto, (max-width: 443px) 100vw, 443px\" \/><\/figure>\n\n\n\n<figure class=\"wp-block-image size-large\"><img loading=\"lazy\" decoding=\"async\" width=\"254\" height=\"549\" data-id=\"110\" src=\"https:\/\/portail-animation.ufcv.fr\/periscolaire-maxeville\/wp-content\/uploads\/sites\/252\/2024\/02\/photo_5916024671365613237_y-edited.jpg\" alt=\"\" class=\"wp-image-110\" srcset=\"https:\/\/portail-animation.ufcv.fr\/periscolaire-maxeville\/wp-content\/uploads\/sites\/252\/2024\/02\/photo_5916024671365613237_y-edited.jpg 254w, https:\/\/portail-animation.ufcv.fr\/periscolaire-maxeville\/wp-content\/uploads\/sites\/252\/2024\/02\/photo_5916024671365613237_y-edited-139x300.jpg 139w, https:\/\/portail-animation.ufcv.fr\/periscolaire-maxeville\/wp-content\/uploads\/sites\/252\/2024\/02\/photo_5916024671365613237_y-edited-37x80.jpg 37w, https:\/\/portail-animation.ufcv.fr\/periscolaire-maxeville\/wp-content\/uploads\/sites\/252\/2024\/02\/photo_5916024671365613237_y-edited-105x227.jpg 105w\" sizes=\"auto, (max-width: 254px) 100vw, 254px\" \/><\/figure>\n\n\n\n<figure class=\"wp-block-image size-large\"><img loading=\"lazy\" decoding=\"async\" width=\"470\" height=\"1019\" data-id=\"112\" src=\"https:\/\/portail-animation.ufcv.fr\/periscolaire-maxeville\/wp-content\/uploads\/sites\/252\/2024\/02\/photo_5916024671365613236_y-edited.jpg\" alt=\"\" class=\"wp-image-112\" srcset=\"https:\/\/portail-animation.ufcv.fr\/periscolaire-maxeville\/wp-content\/uploads\/sites\/252\/2024\/02\/photo_5916024671365613236_y-edited.jpg 470w, https:\/\/portail-animation.ufcv.fr\/periscolaire-maxeville\/wp-content\/uploads\/sites\/252\/2024\/02\/photo_5916024671365613236_y-edited-138x300.jpg 138w, https:\/\/portail-animation.ufcv.fr\/periscolaire-maxeville\/wp-content\/uploads\/sites\/252\/2024\/02\/photo_5916024671365613236_y-edited-37x80.jpg 37w, https:\/\/portail-animation.ufcv.fr\/periscolaire-maxeville\/wp-content\/uploads\/sites\/252\/2024\/02\/photo_5916024671365613236_y-edited-105x227.jpg 105w\" sizes=\"auto, (max-width: 470px) 100vw, 470px\" \/><\/figure>\n\n\n\n<figure class=\"wp-block-image size-large\"><img loading=\"lazy\" decoding=\"async\" width=\"768\" height=\"1024\" data-id=\"107\" src=\"https:\/\/portail-animation.ufcv.fr\/periscolaire-maxeville\/wp-content\/uploads\/sites\/252\/2024\/02\/photo_5916024671365613238_y-768x1024.jpg\" alt=\"\" class=\"wp-image-107\" srcset=\"https:\/\/portail-animation.ufcv.fr\/periscolaire-maxeville\/wp-content\/uploads\/sites\/252\/2024\/02\/photo_5916024671365613238_y-768x1024.jpg 768w, https:\/\/portail-animation.ufcv.fr\/periscolaire-maxeville\/wp-content\/uploads\/sites\/252\/2024\/02\/photo_5916024671365613238_y-225x300.jpg 225w, https:\/\/portail-animation.ufcv.fr\/periscolaire-maxeville\/wp-content\/uploads\/sites\/252\/2024\/02\/photo_5916024671365613238_y-60x80.jpg 60w, https:\/\/portail-animation.ufcv.fr\/periscolaire-maxeville\/wp-content\/uploads\/sites\/252\/2024\/02\/photo_5916024671365613238_y-170x227.jpg 170w, https:\/\/portail-animation.ufcv.fr\/periscolaire-maxeville\/wp-content\/uploads\/sites\/252\/2024\/02\/photo_5916024671365613238_y.jpg 960w\" sizes=\"auto, (max-width: 768px) 100vw, 768px\" \/><\/figure>\n\n\n\n<figure class=\"wp-block-image size-large\"><img loading=\"lazy\" decoding=\"async\" width=\"768\" height=\"1024\" data-id=\"98\" src=\"https:\/\/portail-animation.ufcv.fr\/periscolaire-maxeville\/wp-content\/uploads\/sites\/252\/2024\/02\/photo_5916024671365613229_y-768x1024.jpg\" alt=\"\" class=\"wp-image-98\" srcset=\"https:\/\/portail-animation.ufcv.fr\/periscolaire-maxeville\/wp-content\/uploads\/sites\/252\/2024\/02\/photo_5916024671365613229_y-768x1024.jpg 768w, https:\/\/portail-animation.ufcv.fr\/periscolaire-maxeville\/wp-content\/uploads\/sites\/252\/2024\/02\/photo_5916024671365613229_y-225x300.jpg 225w, https:\/\/portail-animation.ufcv.fr\/periscolaire-maxeville\/wp-content\/uploads\/sites\/252\/2024\/02\/photo_5916024671365613229_y-60x80.jpg 60w, https:\/\/portail-animation.ufcv.fr\/periscolaire-maxeville\/wp-content\/uploads\/sites\/252\/2024\/02\/photo_5916024671365613229_y-170x227.jpg 170w, https:\/\/portail-animation.ufcv.fr\/periscolaire-maxeville\/wp-content\/uploads\/sites\/252\/2024\/02\/photo_5916024671365613229_y.jpg 960w\" sizes=\"auto, (max-width: 768px) 100vw, 768px\" \/><\/figure>\n\n\n\n<figure class=\"wp-block-image size-large\"><img loading=\"lazy\" decoding=\"async\" width=\"768\" height=\"1024\" data-id=\"99\" src=\"https:\/\/portail-animation.ufcv.fr\/periscolaire-maxeville\/wp-content\/uploads\/sites\/252\/2024\/02\/photo_5916024671365613228_y-768x1024.jpg\" alt=\"\" class=\"wp-image-99\" srcset=\"https:\/\/portail-animation.ufcv.fr\/periscolaire-maxeville\/wp-content\/uploads\/sites\/252\/2024\/02\/photo_5916024671365613228_y-768x1024.jpg 768w, https:\/\/portail-animation.ufcv.fr\/periscolaire-maxeville\/wp-content\/uploads\/sites\/252\/2024\/02\/photo_5916024671365613228_y-225x300.jpg 225w, https:\/\/portail-animation.ufcv.fr\/periscolaire-maxeville\/wp-content\/uploads\/sites\/252\/2024\/02\/photo_5916024671365613228_y-60x80.jpg 60w, https:\/\/portail-animation.ufcv.fr\/periscolaire-maxeville\/wp-content\/uploads\/sites\/252\/2024\/02\/photo_5916024671365613228_y-170x227.jpg 170w, https:\/\/portail-animation.ufcv.fr\/periscolaire-maxeville\/wp-content\/uploads\/sites\/252\/2024\/02\/photo_5916024671365613228_y.jpg 960w\" sizes=\"auto, (max-width: 768px) 100vw, 768px\" \/><\/figure>\n\n\n\n<figure class=\"wp-block-image size-large\"><img loading=\"lazy\" decoding=\"async\" width=\"768\" height=\"1024\" data-id=\"101\" src=\"https:\/\/portail-animation.ufcv.fr\/periscolaire-maxeville\/wp-content\/uploads\/sites\/252\/2024\/02\/photo_5916024671365613226_y-768x1024.jpg\" alt=\"\" class=\"wp-image-101\" srcset=\"https:\/\/portail-animation.ufcv.fr\/periscolaire-maxeville\/wp-content\/uploads\/sites\/252\/2024\/02\/photo_5916024671365613226_y-768x1024.jpg 768w, https:\/\/portail-animation.ufcv.fr\/periscolaire-maxeville\/wp-content\/uploads\/sites\/252\/2024\/02\/photo_5916024671365613226_y-225x300.jpg 225w, https:\/\/portail-animation.ufcv.fr\/periscolaire-maxeville\/wp-content\/uploads\/sites\/252\/2024\/02\/photo_5916024671365613226_y-60x80.jpg 60w, https:\/\/portail-animation.ufcv.fr\/periscolaire-maxeville\/wp-content\/uploads\/sites\/252\/2024\/02\/photo_5916024671365613226_y-170x227.jpg 170w, https:\/\/portail-animation.ufcv.fr\/periscolaire-maxeville\/wp-content\/uploads\/sites\/252\/2024\/02\/photo_5916024671365613226_y.jpg 960w\" sizes=\"auto, (max-width: 768px) 100vw, 768px\" \/><\/figure>\n\n\n\n<figure class=\"wp-block-image size-large\"><img loading=\"lazy\" decoding=\"async\" width=\"768\" height=\"1024\" data-id=\"100\" src=\"https:\/\/portail-animation.ufcv.fr\/periscolaire-maxeville\/wp-content\/uploads\/sites\/252\/2024\/02\/photo_5916024671365613224_y-768x1024.jpg\" alt=\"\" class=\"wp-image-100\" srcset=\"https:\/\/portail-animation.ufcv.fr\/periscolaire-maxeville\/wp-content\/uploads\/sites\/252\/2024\/02\/photo_5916024671365613224_y-768x1024.jpg 768w, https:\/\/portail-animation.ufcv.fr\/periscolaire-maxeville\/wp-content\/uploads\/sites\/252\/2024\/02\/photo_5916024671365613224_y-225x300.jpg 225w, https:\/\/portail-animation.ufcv.fr\/periscolaire-maxeville\/wp-content\/uploads\/sites\/252\/2024\/02\/photo_5916024671365613224_y-60x80.jpg 60w, https:\/\/portail-animation.ufcv.fr\/periscolaire-maxeville\/wp-content\/uploads\/sites\/252\/2024\/02\/photo_5916024671365613224_y-170x227.jpg 170w, https:\/\/portail-animation.ufcv.fr\/periscolaire-maxeville\/wp-content\/uploads\/sites\/252\/2024\/02\/photo_5916024671365613224_y.jpg 960w\" sizes=\"auto, (max-width: 768px) 100vw, 768px\" \/><\/figure>\n\n\n\n<figure class=\"wp-block-image size-large\"><img loading=\"lazy\" decoding=\"async\" width=\"576\" height=\"1024\" data-id=\"97\" src=\"https:\/\/portail-animation.ufcv.fr\/periscolaire-maxeville\/wp-content\/uploads\/sites\/252\/2024\/02\/photo_5915623770528270199_y-576x1024.jpg\" alt=\"\" class=\"wp-image-97\" srcset=\"https:\/\/portail-animation.ufcv.fr\/periscolaire-maxeville\/wp-content\/uploads\/sites\/252\/2024\/02\/photo_5915623770528270199_y-576x1024.jpg 576w, https:\/\/portail-animation.ufcv.fr\/periscolaire-maxeville\/wp-content\/uploads\/sites\/252\/2024\/02\/photo_5915623770528270199_y-169x300.jpg 169w, https:\/\/portail-animation.ufcv.fr\/periscolaire-maxeville\/wp-content\/uploads\/sites\/252\/2024\/02\/photo_5915623770528270199_y-45x80.jpg 45w, https:\/\/portail-animation.ufcv.fr\/periscolaire-maxeville\/wp-content\/uploads\/sites\/252\/2024\/02\/photo_5915623770528270199_y-128x227.jpg 128w, https:\/\/portail-animation.ufcv.fr\/periscolaire-maxeville\/wp-content\/uploads\/sites\/252\/2024\/02\/photo_5915623770528270199_y.jpg 720w\" sizes=\"auto, (max-width: 576px) 100vw, 576px\" \/><figcaption class=\"wp-element-caption\">Initiation au tir \u00e0 l&rsquo;arc<\/figcaption><\/figure>\n<\/figure>\n\n\n\n<p class=\"has-medium-font-size\">Au-del\u00e0 de la simple pratique sportive, le tir \u00e0 l&rsquo;arc favorise le d\u00e9veloppement de comp\u00e9tences essentielles telles que la patience, la pers\u00e9v\u00e9rance et le respect des r\u00e8gles. Chaque s\u00e9ance est une aventure o\u00f9 les enfants repoussent leurs limites, d\u00e9couvrent leurs talents cach\u00e9s et renforcent leur confiance en eux.<\/p>\n\n\n\n<p><\/p>\n","protected":false},"excerpt":{"rendered":"<p>Au c\u0153ur de notre p\u00e9riscolaire \u00e0 l&rsquo;\u00e9cole maternelle MOSELLY, une nouvelle activit\u00e9 rencontre la curiosit\u00e9 et l&rsquo;\u00e9merveillement des enfants : le tir \u00e0 l&rsquo;arc. L&rsquo;initiation au tir \u00e0 l&rsquo;arc offre aux enfants une opportunit\u00e9 unique d&rsquo;explorer leur force, leur coordination [&hellip;]<\/p>\n","protected":false},"author":225,"featured_media":0,"comment_status":"open","ping_status":"open","sticky":false,"template":"","format":"standard","meta":{"_acf_changed":false,"footnotes":""},"categories":[1],"tags":[],"class_list":["post-96","post","type-post","status-publish","format-standard","hentry","category-mos"],"acf":[],"yoast_head":"<!-- This site is optimized with the Yoast SEO plugin v23.9 - https:\/\/yoast.com\/wordpress\/plugins\/seo\/ -->\r\n<title>Initiation au tir \u00e0 l&#039;arc - Max Anim<\/title>\r\n<meta name=\"robots\" content=\"index, nofollow, max-snippet:-1, max-image-preview:large, max-video-preview:-1\" \/>\r\n<link rel=\"canonical\" href=\"https:\/\/portail-animation.ufcv.fr\/periscolaire-maxeville\/2024\/02\/06\/96\/\" \/>\r\n<meta property=\"og:locale\" content=\"fr_FR\" \/>\r\n<meta property=\"og:type\" content=\"article\" \/>\r\n<meta property=\"og:title\" content=\"Initiation au tir \u00e0 l&#039;arc - Max Anim\" \/>\r\n<meta property=\"og:description\" content=\"Au c\u0153ur de notre p\u00e9riscolaire \u00e0 l&rsquo;\u00e9cole maternelle MOSELLY, une nouvelle activit\u00e9 rencontre la curiosit\u00e9 et l&rsquo;\u00e9merveillement des enfants : le tir \u00e0 l&rsquo;arc. L&rsquo;initiation au tir \u00e0 l&rsquo;arc offre aux enfants une opportunit\u00e9 unique d&rsquo;explorer leur force, leur coordination [&hellip;]\" \/>\r\n<meta property=\"og:url\" content=\"https:\/\/portail-animation.ufcv.fr\/periscolaire-maxeville\/2024\/02\/06\/96\/\" \/>\r\n<meta property=\"og:site_name\" content=\"Max Anim\" \/>\r\n<meta property=\"article:published_time\" content=\"2024-02-06T20:34:13+00:00\" \/>\r\n<meta property=\"article:modified_time\" content=\"2024-03-23T14:32:58+00:00\" \/>\r\n<meta property=\"og:image\" content=\"https:\/\/portail-animation.ufcv.fr\/periscolaire-maxeville\/wp-content\/uploads\/sites\/252\/2024\/02\/photo_5915623770528270199_y-576x1024.jpg\" \/>\r\n<meta name=\"author\" content=\"bloucif\" \/>\r\n<meta name=\"twitter:card\" content=\"summary_large_image\" \/>\r\n<meta name=\"twitter:label1\" content=\"\u00c9crit par\" \/>\n\t<meta name=\"twitter:data1\" content=\"bloucif\" \/>\n\t<meta name=\"twitter:label2\" content=\"Dur\u00e9e de lecture estim\u00e9e\" \/>\n\t<meta name=\"twitter:data2\" content=\"4 minutes\" \/>\r\n<script type=\"application\/ld+json\" class=\"yoast-schema-graph\">{\"@context\":\"https:\/\/schema.org\",\"@graph\":[{\"@type\":\"WebPage\",\"@id\":\"https:\/\/portail-animation.ufcv.fr\/periscolaire-maxeville\/2024\/02\/06\/96\/\",\"url\":\"https:\/\/portail-animation.ufcv.fr\/periscolaire-maxeville\/2024\/02\/06\/96\/\",\"name\":\"Initiation au tir \u00e0 l'arc - Max Anim\",\"isPartOf\":{\"@id\":\"https:\/\/portail-animation.ufcv.fr\/periscolaire-maxeville\/#website\"},\"primaryImageOfPage\":{\"@id\":\"https:\/\/portail-animation.ufcv.fr\/periscolaire-maxeville\/2024\/02\/06\/96\/#primaryimage\"},\"image\":{\"@id\":\"https:\/\/portail-animation.ufcv.fr\/periscolaire-maxeville\/2024\/02\/06\/96\/#primaryimage\"},\"thumbnailUrl\":\"https:\/\/portail-animation.ufcv.fr\/periscolaire-maxeville\/wp-content\/uploads\/sites\/252\/2024\/02\/photo_5915623770528270199_y-576x1024.jpg\",\"datePublished\":\"2024-02-06T20:34:13+00:00\",\"dateModified\":\"2024-03-23T14:32:58+00:00\",\"author\":{\"@id\":\"https:\/\/portail-animation.ufcv.fr\/periscolaire-maxeville\/#\/schema\/person\/89ace4a814d580bf5e620717c3f7454b\"},\"breadcrumb\":{\"@id\":\"https:\/\/portail-animation.ufcv.fr\/periscolaire-maxeville\/2024\/02\/06\/96\/#breadcrumb\"},\"inLanguage\":\"fr-FR\",\"potentialAction\":[{\"@type\":\"ReadAction\",\"target\":[\"https:\/\/portail-animation.ufcv.fr\/periscolaire-maxeville\/2024\/02\/06\/96\/\"]}]},{\"@type\":\"ImageObject\",\"inLanguage\":\"fr-FR\",\"@id\":\"https:\/\/portail-animation.ufcv.fr\/periscolaire-maxeville\/2024\/02\/06\/96\/#primaryimage\",\"url\":\"https:\/\/portail-animation.ufcv.fr\/periscolaire-maxeville\/wp-content\/uploads\/sites\/252\/2024\/02\/photo_5915623770528270199_y.jpg\",\"contentUrl\":\"https:\/\/portail-animation.ufcv.fr\/periscolaire-maxeville\/wp-content\/uploads\/sites\/252\/2024\/02\/photo_5915623770528270199_y.jpg\",\"width\":720,\"height\":1280,\"caption\":\"Initiation au tir \u00e0 l'arc\"},{\"@type\":\"BreadcrumbList\",\"@id\":\"https:\/\/portail-animation.ufcv.fr\/periscolaire-maxeville\/2024\/02\/06\/96\/#breadcrumb\",\"itemListElement\":[{\"@type\":\"ListItem\",\"position\":1,\"name\":\"Accueil\",\"item\":\"https:\/\/portail-animation.ufcv.fr\/periscolaire-maxeville\/\"},{\"@type\":\"ListItem\",\"position\":2,\"name\":\"Initiation au tir \u00e0 l&rsquo;arc\"}]},{\"@type\":\"WebSite\",\"@id\":\"https:\/\/portail-animation.ufcv.fr\/periscolaire-maxeville\/#website\",\"url\":\"https:\/\/portail-animation.ufcv.fr\/periscolaire-maxeville\/\",\"name\":\"Max Anim\",\"description\":\"Un site utilisant R\u00e9seau Portail Animation\",\"potentialAction\":[{\"@type\":\"SearchAction\",\"target\":{\"@type\":\"EntryPoint\",\"urlTemplate\":\"https:\/\/portail-animation.ufcv.fr\/periscolaire-maxeville\/?s={search_term_string}\"},\"query-input\":{\"@type\":\"PropertyValueSpecification\",\"valueRequired\":true,\"valueName\":\"search_term_string\"}}],\"inLanguage\":\"fr-FR\"},{\"@type\":\"Person\",\"@id\":\"https:\/\/portail-animation.ufcv.fr\/periscolaire-maxeville\/#\/schema\/person\/89ace4a814d580bf5e620717c3f7454b\",\"name\":\"bloucif\",\"image\":{\"@type\":\"ImageObject\",\"inLanguage\":\"fr-FR\",\"@id\":\"https:\/\/portail-animation.ufcv.fr\/periscolaire-maxeville\/#\/schema\/person\/image\/\",\"url\":\"https:\/\/secure.gravatar.com\/avatar\/4cedc024b6c2bfd9e825072e7278fa7f?s=96&d=mm&r=g\",\"contentUrl\":\"https:\/\/secure.gravatar.com\/avatar\/4cedc024b6c2bfd9e825072e7278fa7f?s=96&d=mm&r=g\",\"caption\":\"bloucif\"},\"url\":\"https:\/\/portail-animation.ufcv.fr\/periscolaire-maxeville\/author\/bloucif\/\"}]}<\/script>\r\n<!-- \/ Yoast SEO plugin. -->","yoast_head_json":{"title":"Initiation au tir \u00e0 l'arc - Max Anim","robots":{"index":"index","follow":"nofollow","max-snippet":"max-snippet:-1","max-image-preview":"max-image-preview:large","max-video-preview":"max-video-preview:-1"},"canonical":"https:\/\/portail-animation.ufcv.fr\/periscolaire-maxeville\/2024\/02\/06\/96\/","og_locale":"fr_FR","og_type":"article","og_title":"Initiation au tir \u00e0 l'arc - Max Anim","og_description":"Au c\u0153ur de notre p\u00e9riscolaire \u00e0 l&rsquo;\u00e9cole maternelle MOSELLY, une nouvelle activit\u00e9 rencontre la curiosit\u00e9 et l&rsquo;\u00e9merveillement des enfants : le tir \u00e0 l&rsquo;arc. L&rsquo;initiation au tir \u00e0 l&rsquo;arc offre aux enfants une opportunit\u00e9 unique d&rsquo;explorer leur force, leur coordination [&hellip;]","og_url":"https:\/\/portail-animation.ufcv.fr\/periscolaire-maxeville\/2024\/02\/06\/96\/","og_site_name":"Max Anim","article_published_time":"2024-02-06T20:34:13+00:00","article_modified_time":"2024-03-23T14:32:58+00:00","og_image":[{"url":"https:\/\/portail-animation.ufcv.fr\/periscolaire-maxeville\/wp-content\/uploads\/sites\/252\/2024\/02\/photo_5915623770528270199_y-576x1024.jpg"}],"author":"bloucif","twitter_card":"summary_large_image","twitter_misc":{"\u00c9crit par":"bloucif","Dur\u00e9e de lecture estim\u00e9e":"4 minutes"},"schema":{"@context":"https:\/\/schema.org","@graph":[{"@type":"WebPage","@id":"https:\/\/portail-animation.ufcv.fr\/periscolaire-maxeville\/2024\/02\/06\/96\/","url":"https:\/\/portail-animation.ufcv.fr\/periscolaire-maxeville\/2024\/02\/06\/96\/","name":"Initiation au tir \u00e0 l'arc - Max Anim","isPartOf":{"@id":"https:\/\/portail-animation.ufcv.fr\/periscolaire-maxeville\/#website"},"primaryImageOfPage":{"@id":"https:\/\/portail-animation.ufcv.fr\/periscolaire-maxeville\/2024\/02\/06\/96\/#primaryimage"},"image":{"@id":"https:\/\/portail-animation.ufcv.fr\/periscolaire-maxeville\/2024\/02\/06\/96\/#primaryimage"},"thumbnailUrl":"https:\/\/portail-animation.ufcv.fr\/periscolaire-maxeville\/wp-content\/uploads\/sites\/252\/2024\/02\/photo_5915623770528270199_y-576x1024.jpg","datePublished":"2024-02-06T20:34:13+00:00","dateModified":"2024-03-23T14:32:58+00:00","author":{"@id":"https:\/\/portail-animation.ufcv.fr\/periscolaire-maxeville\/#\/schema\/person\/89ace4a814d580bf5e620717c3f7454b"},"breadcrumb":{"@id":"https:\/\/portail-animation.ufcv.fr\/periscolaire-maxeville\/2024\/02\/06\/96\/#breadcrumb"},"inLanguage":"fr-FR","potentialAction":[{"@type":"ReadAction","target":["https:\/\/portail-animation.ufcv.fr\/periscolaire-maxeville\/2024\/02\/06\/96\/"]}]},{"@type":"ImageObject","inLanguage":"fr-FR","@id":"https:\/\/portail-animation.ufcv.fr\/periscolaire-maxeville\/2024\/02\/06\/96\/#primaryimage","url":"https:\/\/portail-animation.ufcv.fr\/periscolaire-maxeville\/wp-content\/uploads\/sites\/252\/2024\/02\/photo_5915623770528270199_y.jpg","contentUrl":"https:\/\/portail-animation.ufcv.fr\/periscolaire-maxeville\/wp-content\/uploads\/sites\/252\/2024\/02\/photo_5915623770528270199_y.jpg","width":720,"height":1280,"caption":"Initiation au tir \u00e0 l'arc"},{"@type":"BreadcrumbList","@id":"https:\/\/portail-animation.ufcv.fr\/periscolaire-maxeville\/2024\/02\/06\/96\/#breadcrumb","itemListElement":[{"@type":"ListItem","position":1,"name":"Accueil","item":"https:\/\/portail-animation.ufcv.fr\/periscolaire-maxeville\/"},{"@type":"ListItem","position":2,"name":"Initiation au tir \u00e0 l&rsquo;arc"}]},{"@type":"WebSite","@id":"https:\/\/portail-animation.ufcv.fr\/periscolaire-maxeville\/#website","url":"https:\/\/portail-animation.ufcv.fr\/periscolaire-maxeville\/","name":"Max Anim","description":"Un site utilisant R\u00e9seau Portail Animation","potentialAction":[{"@type":"SearchAction","target":{"@type":"EntryPoint","urlTemplate":"https:\/\/portail-animation.ufcv.fr\/periscolaire-maxeville\/?s={search_term_string}"},"query-input":{"@type":"PropertyValueSpecification","valueRequired":true,"valueName":"search_term_string"}}],"inLanguage":"fr-FR"},{"@type":"Person","@id":"https:\/\/portail-animation.ufcv.fr\/periscolaire-maxeville\/#\/schema\/person\/89ace4a814d580bf5e620717c3f7454b","name":"bloucif","image":{"@type":"ImageObject","inLanguage":"fr-FR","@id":"https:\/\/portail-animation.ufcv.fr\/periscolaire-maxeville\/#\/schema\/person\/image\/","url":"https:\/\/secure.gravatar.com\/avatar\/4cedc024b6c2bfd9e825072e7278fa7f?s=96&d=mm&r=g","contentUrl":"https:\/\/secure.gravatar.com\/avatar\/4cedc024b6c2bfd9e825072e7278fa7f?s=96&d=mm&r=g","caption":"bloucif"},"url":"https:\/\/portail-animation.ufcv.fr\/periscolaire-maxeville\/author\/bloucif\/"}]}},"_links":{"self":[{"href":"https:\/\/portail-animation.ufcv.fr\/periscolaire-maxeville\/wp-json\/wp\/v2\/posts\/96","targetHints":{"allow":["GET"]}}],"collection":[{"href":"https:\/\/portail-animation.ufcv.fr\/periscolaire-maxeville\/wp-json\/wp\/v2\/posts"}],"about":[{"href":"https:\/\/portail-animation.ufcv.fr\/periscolaire-maxeville\/wp-json\/wp\/v2\/types\/post"}],"author":[{"embeddable":true,"href":"https:\/\/portail-animation.ufcv.fr\/periscolaire-maxeville\/wp-json\/wp\/v2\/users\/225"}],"replies":[{"embeddable":true,"href":"https:\/\/portail-animation.ufcv.fr\/periscolaire-maxeville\/wp-json\/wp\/v2\/comments?post=96"}],"version-history":[{"count":4,"href":"https:\/\/portail-animation.ufcv.fr\/periscolaire-maxeville\/wp-json\/wp\/v2\/posts\/96\/revisions"}],"predecessor-version":[{"id":348,"href":"https:\/\/portail-animation.ufcv.fr\/periscolaire-maxeville\/wp-json\/wp\/v2\/posts\/96\/revisions\/348"}],"wp:attachment":[{"href":"https:\/\/portail-animation.ufcv.fr\/periscolaire-maxeville\/wp-json\/wp\/v2\/media?parent=96"}],"wp:term":[{"taxonomy":"category","embeddable":true,"href":"https:\/\/portail-animation.ufcv.fr\/periscolaire-maxeville\/wp-json\/wp\/v2\/categories?post=96"},{"taxonomy":"post_tag","embeddable":true,"href":"https:\/\/portail-animation.ufcv.fr\/periscolaire-maxeville\/wp-json\/wp\/v2\/tags?post=96"}],"curies":[{"name":"wp","href":"https:\/\/api.w.org\/{rel}","templated":true}]}}