{"id":44,"date":"2024-07-29T11:47:18","date_gmt":"2024-07-29T09:47:18","guid":{"rendered":"https:\/\/portail-animation.ufcv.fr\/rpe-13\/?p=44"},"modified":"2024-07-29T11:48:35","modified_gmt":"2024-07-29T09:48:35","slug":"une-salle-snoezelen-au-relais-13e","status":"publish","type":"post","link":"https:\/\/portail-animation.ufcv.fr\/rpe-13\/2024\/07\/29\/une-salle-snoezelen-au-relais-13e\/","title":{"rendered":"Une salle SNOEZELEN au Relais 13e"},"content":{"rendered":"\n\n\n<figure class=\"wp-block-image size-full is-resized wp-duotone-unset-1\"><img loading=\"lazy\" decoding=\"async\" width=\"768\" height=\"1024\" src=\"http:\/\/portail-animation.ufcv.fr\/rpe-13\/wp-content\/uploads\/sites\/215\/2023\/10\/dddd.jpg\" alt=\"\" class=\"wp-image-55\" style=\"width:407px;height:auto\" srcset=\"https:\/\/portail-animation.ufcv.fr\/rpe-13\/wp-content\/uploads\/sites\/215\/2023\/10\/dddd.jpg 768w, https:\/\/portail-animation.ufcv.fr\/rpe-13\/wp-content\/uploads\/sites\/215\/2023\/10\/dddd-225x300.jpg 225w, https:\/\/portail-animation.ufcv.fr\/rpe-13\/wp-content\/uploads\/sites\/215\/2023\/10\/dddd-60x80.jpg 60w, https:\/\/portail-animation.ufcv.fr\/rpe-13\/wp-content\/uploads\/sites\/215\/2023\/10\/dddd-170x227.jpg 170w\" sizes=\"auto, (max-width: 768px) 100vw, 768px\" \/><\/figure>\n","protected":false},"excerpt":{"rendered":"","protected":false},"author":135,"featured_media":0,"comment_status":"open","ping_status":"open","sticky":false,"template":"","format":"standard","meta":{"_acf_changed":false,"footnotes":""},"categories":[1],"tags":[],"class_list":["post-44","post","type-post","status-publish","format-standard","hentry","category-non-classe"],"acf":[],"yoast_head":"<!-- This site is optimized with the Yoast SEO plugin v23.9 - https:\/\/yoast.com\/wordpress\/plugins\/seo\/ -->\r\n<title>Une salle SNOEZELEN au Relais 13e - Relais Petite Enfance - RPE 13<\/title>\r\n<meta name=\"description\" content=\"Le relais du 13eme propose une salle Snoezelen o\u00f9 tous les sens sont sollicit\u00e9s selon trois axes : le bien-\u00eatre, la relaxation, et la r\u00e9duction des tensions. Une v\u00e9ritable parenth\u00e8se de douceur pour ses usagers\u2026 Les assistantes maternelles et les enfants qu&#039;elles accueillent viennent s&#039;y ressourcer une matin\u00e9e par mois (ou plus selon leurs besoins). Un projet en inter-relais avec le RPE du 12eme.\" \/>\r\n<meta name=\"robots\" content=\"index, follow, max-snippet:-1, max-image-preview:large, max-video-preview:-1\" \/>\r\n<link rel=\"canonical\" href=\"https:\/\/portail-animation.ufcv.fr\/rpe-13\/2024\/07\/29\/une-salle-snoezelen-au-relais-13e\/\" \/>\r\n<meta property=\"og:locale\" content=\"fr_FR\" \/>\r\n<meta property=\"og:type\" content=\"article\" \/>\r\n<meta property=\"og:title\" content=\"Une salle SNOEZELEN au Relais 13e - Relais Petite Enfance - RPE 13\" \/>\r\n<meta property=\"og:description\" content=\"Le relais du 13eme propose une salle Snoezelen o\u00f9 tous les sens sont sollicit\u00e9s selon trois axes : le bien-\u00eatre, la relaxation, et la r\u00e9duction des tensions. Une v\u00e9ritable parenth\u00e8se de douceur pour ses usagers\u2026 Les assistantes maternelles et les enfants qu&#039;elles accueillent viennent s&#039;y ressourcer une matin\u00e9e par mois (ou plus selon leurs besoins). Un projet en inter-relais avec le RPE du 12eme.\" \/>\r\n<meta property=\"og:url\" content=\"https:\/\/portail-animation.ufcv.fr\/rpe-13\/2024\/07\/29\/une-salle-snoezelen-au-relais-13e\/\" \/>\r\n<meta property=\"og:site_name\" content=\"Relais Petite Enfance - RPE 13\" \/>\r\n<meta property=\"article:published_time\" content=\"2024-07-29T09:47:18+00:00\" \/>\r\n<meta property=\"article:modified_time\" content=\"2024-07-29T09:48:35+00:00\" \/>\r\n<meta property=\"og:image\" content=\"http:\/\/portail-animation.ufcv.fr\/rpe-13\/wp-content\/uploads\/sites\/215\/2023\/10\/dddd.jpg\" \/>\r\n<meta name=\"author\" content=\"nstagnitta\" \/>\r\n<meta name=\"twitter:card\" content=\"summary_large_image\" \/>\r\n<meta name=\"twitter:label1\" content=\"\u00c9crit par\" \/>\n\t<meta name=\"twitter:data1\" content=\"nstagnitta\" \/>\n\t<meta name=\"twitter:label2\" content=\"Dur\u00e9e de lecture estim\u00e9e\" \/>\n\t<meta name=\"twitter:data2\" content=\"1 minute\" \/>\r\n<script type=\"application\/ld+json\" class=\"yoast-schema-graph\">{\"@context\":\"https:\/\/schema.org\",\"@graph\":[{\"@type\":\"WebPage\",\"@id\":\"https:\/\/portail-animation.ufcv.fr\/rpe-13\/2024\/07\/29\/une-salle-snoezelen-au-relais-13e\/\",\"url\":\"https:\/\/portail-animation.ufcv.fr\/rpe-13\/2024\/07\/29\/une-salle-snoezelen-au-relais-13e\/\",\"name\":\"Une salle SNOEZELEN au Relais 13e - Relais Petite Enfance - RPE 13\",\"isPartOf\":{\"@id\":\"https:\/\/portail-animation.ufcv.fr\/rpe-13\/#website\"},\"primaryImageOfPage\":{\"@id\":\"https:\/\/portail-animation.ufcv.fr\/rpe-13\/2024\/07\/29\/une-salle-snoezelen-au-relais-13e\/#primaryimage\"},\"image\":{\"@id\":\"https:\/\/portail-animation.ufcv.fr\/rpe-13\/2024\/07\/29\/une-salle-snoezelen-au-relais-13e\/#primaryimage\"},\"thumbnailUrl\":\"http:\/\/portail-animation.ufcv.fr\/rpe-13\/wp-content\/uploads\/sites\/215\/2023\/10\/dddd.jpg\",\"datePublished\":\"2024-07-29T09:47:18+00:00\",\"dateModified\":\"2024-07-29T09:48:35+00:00\",\"author\":{\"@id\":\"https:\/\/portail-animation.ufcv.fr\/rpe-13\/#\/schema\/person\/1ad786fc982493aded7ef9673b394002\"},\"description\":\"Le relais du 13eme propose une salle Snoezelen o\u00f9 tous les sens sont sollicit\u00e9s selon trois axes : le bien-\u00eatre, la relaxation, et la r\u00e9duction des tensions. Une v\u00e9ritable parenth\u00e8se de douceur pour ses usagers\u2026 Les assistantes maternelles et les enfants qu'elles accueillent viennent s'y ressourcer une matin\u00e9e par mois (ou plus selon leurs besoins). Un projet en inter-relais avec le RPE du 12eme.\",\"breadcrumb\":{\"@id\":\"https:\/\/portail-animation.ufcv.fr\/rpe-13\/2024\/07\/29\/une-salle-snoezelen-au-relais-13e\/#breadcrumb\"},\"inLanguage\":\"fr-FR\",\"potentialAction\":[{\"@type\":\"ReadAction\",\"target\":[\"https:\/\/portail-animation.ufcv.fr\/rpe-13\/2024\/07\/29\/une-salle-snoezelen-au-relais-13e\/\"]}]},{\"@type\":\"ImageObject\",\"inLanguage\":\"fr-FR\",\"@id\":\"https:\/\/portail-animation.ufcv.fr\/rpe-13\/2024\/07\/29\/une-salle-snoezelen-au-relais-13e\/#primaryimage\",\"url\":\"https:\/\/portail-animation.ufcv.fr\/rpe-13\/wp-content\/uploads\/sites\/215\/2023\/10\/dddd.jpg\",\"contentUrl\":\"https:\/\/portail-animation.ufcv.fr\/rpe-13\/wp-content\/uploads\/sites\/215\/2023\/10\/dddd.jpg\",\"width\":768,\"height\":1024},{\"@type\":\"BreadcrumbList\",\"@id\":\"https:\/\/portail-animation.ufcv.fr\/rpe-13\/2024\/07\/29\/une-salle-snoezelen-au-relais-13e\/#breadcrumb\",\"itemListElement\":[{\"@type\":\"ListItem\",\"position\":1,\"name\":\"Accueil\",\"item\":\"https:\/\/portail-animation.ufcv.fr\/rpe-13\/\"},{\"@type\":\"ListItem\",\"position\":2,\"name\":\"Une salle SNOEZELEN au Relais 13e\"}]},{\"@type\":\"WebSite\",\"@id\":\"https:\/\/portail-animation.ufcv.fr\/rpe-13\/#website\",\"url\":\"https:\/\/portail-animation.ufcv.fr\/rpe-13\/\",\"name\":\"Relais Petite Enfance - RPE 13\",\"description\":\"Un site utilisant R\u00e9seau Portail Animation\",\"potentialAction\":[{\"@type\":\"SearchAction\",\"target\":{\"@type\":\"EntryPoint\",\"urlTemplate\":\"https:\/\/portail-animation.ufcv.fr\/rpe-13\/?s={search_term_string}\"},\"query-input\":{\"@type\":\"PropertyValueSpecification\",\"valueRequired\":true,\"valueName\":\"search_term_string\"}}],\"inLanguage\":\"fr-FR\"},{\"@type\":\"Person\",\"@id\":\"https:\/\/portail-animation.ufcv.fr\/rpe-13\/#\/schema\/person\/1ad786fc982493aded7ef9673b394002\",\"name\":\"nstagnitta\",\"image\":{\"@type\":\"ImageObject\",\"inLanguage\":\"fr-FR\",\"@id\":\"https:\/\/portail-animation.ufcv.fr\/rpe-13\/#\/schema\/person\/image\/\",\"url\":\"https:\/\/secure.gravatar.com\/avatar\/09022d567194ca216a8176cc855ce6f4?s=96&d=mm&r=g\",\"contentUrl\":\"https:\/\/secure.gravatar.com\/avatar\/09022d567194ca216a8176cc855ce6f4?s=96&d=mm&r=g\",\"caption\":\"nstagnitta\"},\"url\":\"https:\/\/portail-animation.ufcv.fr\/rpe-13\/author\/nstagnitta\/\"}]}<\/script>\r\n<!-- \/ Yoast SEO plugin. -->","yoast_head_json":{"title":"Une salle SNOEZELEN au Relais 13e - Relais Petite Enfance - RPE 13","description":"Le relais du 13eme propose une salle Snoezelen o\u00f9 tous les sens sont sollicit\u00e9s selon trois axes : le bien-\u00eatre, la relaxation, et la r\u00e9duction des tensions. Une v\u00e9ritable parenth\u00e8se de douceur pour ses usagers\u2026 Les assistantes maternelles et les enfants qu'elles accueillent viennent s'y ressourcer une matin\u00e9e par mois (ou plus selon leurs besoins). Un projet en inter-relais avec le RPE du 12eme.","robots":{"index":"index","follow":"follow","max-snippet":"max-snippet:-1","max-image-preview":"max-image-preview:large","max-video-preview":"max-video-preview:-1"},"canonical":"https:\/\/portail-animation.ufcv.fr\/rpe-13\/2024\/07\/29\/une-salle-snoezelen-au-relais-13e\/","og_locale":"fr_FR","og_type":"article","og_title":"Une salle SNOEZELEN au Relais 13e - Relais Petite Enfance - RPE 13","og_description":"Le relais du 13eme propose une salle Snoezelen o\u00f9 tous les sens sont sollicit\u00e9s selon trois axes : le bien-\u00eatre, la relaxation, et la r\u00e9duction des tensions. Une v\u00e9ritable parenth\u00e8se de douceur pour ses usagers\u2026 Les assistantes maternelles et les enfants qu'elles accueillent viennent s'y ressourcer une matin\u00e9e par mois (ou plus selon leurs besoins). Un projet en inter-relais avec le RPE du 12eme.","og_url":"https:\/\/portail-animation.ufcv.fr\/rpe-13\/2024\/07\/29\/une-salle-snoezelen-au-relais-13e\/","og_site_name":"Relais Petite Enfance - RPE 13","article_published_time":"2024-07-29T09:47:18+00:00","article_modified_time":"2024-07-29T09:48:35+00:00","og_image":[{"url":"http:\/\/portail-animation.ufcv.fr\/rpe-13\/wp-content\/uploads\/sites\/215\/2023\/10\/dddd.jpg"}],"author":"nstagnitta","twitter_card":"summary_large_image","twitter_misc":{"\u00c9crit par":"nstagnitta","Dur\u00e9e de lecture estim\u00e9e":"1 minute"},"schema":{"@context":"https:\/\/schema.org","@graph":[{"@type":"WebPage","@id":"https:\/\/portail-animation.ufcv.fr\/rpe-13\/2024\/07\/29\/une-salle-snoezelen-au-relais-13e\/","url":"https:\/\/portail-animation.ufcv.fr\/rpe-13\/2024\/07\/29\/une-salle-snoezelen-au-relais-13e\/","name":"Une salle SNOEZELEN au Relais 13e - Relais Petite Enfance - RPE 13","isPartOf":{"@id":"https:\/\/portail-animation.ufcv.fr\/rpe-13\/#website"},"primaryImageOfPage":{"@id":"https:\/\/portail-animation.ufcv.fr\/rpe-13\/2024\/07\/29\/une-salle-snoezelen-au-relais-13e\/#primaryimage"},"image":{"@id":"https:\/\/portail-animation.ufcv.fr\/rpe-13\/2024\/07\/29\/une-salle-snoezelen-au-relais-13e\/#primaryimage"},"thumbnailUrl":"http:\/\/portail-animation.ufcv.fr\/rpe-13\/wp-content\/uploads\/sites\/215\/2023\/10\/dddd.jpg","datePublished":"2024-07-29T09:47:18+00:00","dateModified":"2024-07-29T09:48:35+00:00","author":{"@id":"https:\/\/portail-animation.ufcv.fr\/rpe-13\/#\/schema\/person\/1ad786fc982493aded7ef9673b394002"},"description":"Le relais du 13eme propose une salle Snoezelen o\u00f9 tous les sens sont sollicit\u00e9s selon trois axes : le bien-\u00eatre, la relaxation, et la r\u00e9duction des tensions. Une v\u00e9ritable parenth\u00e8se de douceur pour ses usagers\u2026 Les assistantes maternelles et les enfants qu'elles accueillent viennent s'y ressourcer une matin\u00e9e par mois (ou plus selon leurs besoins). Un projet en inter-relais avec le RPE du 12eme.","breadcrumb":{"@id":"https:\/\/portail-animation.ufcv.fr\/rpe-13\/2024\/07\/29\/une-salle-snoezelen-au-relais-13e\/#breadcrumb"},"inLanguage":"fr-FR","potentialAction":[{"@type":"ReadAction","target":["https:\/\/portail-animation.ufcv.fr\/rpe-13\/2024\/07\/29\/une-salle-snoezelen-au-relais-13e\/"]}]},{"@type":"ImageObject","inLanguage":"fr-FR","@id":"https:\/\/portail-animation.ufcv.fr\/rpe-13\/2024\/07\/29\/une-salle-snoezelen-au-relais-13e\/#primaryimage","url":"https:\/\/portail-animation.ufcv.fr\/rpe-13\/wp-content\/uploads\/sites\/215\/2023\/10\/dddd.jpg","contentUrl":"https:\/\/portail-animation.ufcv.fr\/rpe-13\/wp-content\/uploads\/sites\/215\/2023\/10\/dddd.jpg","width":768,"height":1024},{"@type":"BreadcrumbList","@id":"https:\/\/portail-animation.ufcv.fr\/rpe-13\/2024\/07\/29\/une-salle-snoezelen-au-relais-13e\/#breadcrumb","itemListElement":[{"@type":"ListItem","position":1,"name":"Accueil","item":"https:\/\/portail-animation.ufcv.fr\/rpe-13\/"},{"@type":"ListItem","position":2,"name":"Une salle SNOEZELEN au Relais 13e"}]},{"@type":"WebSite","@id":"https:\/\/portail-animation.ufcv.fr\/rpe-13\/#website","url":"https:\/\/portail-animation.ufcv.fr\/rpe-13\/","name":"Relais Petite Enfance - RPE 13","description":"Un site utilisant R\u00e9seau Portail Animation","potentialAction":[{"@type":"SearchAction","target":{"@type":"EntryPoint","urlTemplate":"https:\/\/portail-animation.ufcv.fr\/rpe-13\/?s={search_term_string}"},"query-input":{"@type":"PropertyValueSpecification","valueRequired":true,"valueName":"search_term_string"}}],"inLanguage":"fr-FR"},{"@type":"Person","@id":"https:\/\/portail-animation.ufcv.fr\/rpe-13\/#\/schema\/person\/1ad786fc982493aded7ef9673b394002","name":"nstagnitta","image":{"@type":"ImageObject","inLanguage":"fr-FR","@id":"https:\/\/portail-animation.ufcv.fr\/rpe-13\/#\/schema\/person\/image\/","url":"https:\/\/secure.gravatar.com\/avatar\/09022d567194ca216a8176cc855ce6f4?s=96&d=mm&r=g","contentUrl":"https:\/\/secure.gravatar.com\/avatar\/09022d567194ca216a8176cc855ce6f4?s=96&d=mm&r=g","caption":"nstagnitta"},"url":"https:\/\/portail-animation.ufcv.fr\/rpe-13\/author\/nstagnitta\/"}]}},"_links":{"self":[{"href":"https:\/\/portail-animation.ufcv.fr\/rpe-13\/wp-json\/wp\/v2\/posts\/44","targetHints":{"allow":["GET"]}}],"collection":[{"href":"https:\/\/portail-animation.ufcv.fr\/rpe-13\/wp-json\/wp\/v2\/posts"}],"about":[{"href":"https:\/\/portail-animation.ufcv.fr\/rpe-13\/wp-json\/wp\/v2\/types\/post"}],"author":[{"embeddable":true,"href":"https:\/\/portail-animation.ufcv.fr\/rpe-13\/wp-json\/wp\/v2\/users\/135"}],"replies":[{"embeddable":true,"href":"https:\/\/portail-animation.ufcv.fr\/rpe-13\/wp-json\/wp\/v2\/comments?post=44"}],"version-history":[{"count":1,"href":"https:\/\/portail-animation.ufcv.fr\/rpe-13\/wp-json\/wp\/v2\/posts\/44\/revisions"}],"predecessor-version":[{"id":56,"href":"https:\/\/portail-animation.ufcv.fr\/rpe-13\/wp-json\/wp\/v2\/posts\/44\/revisions\/56"}],"wp:attachment":[{"href":"https:\/\/portail-animation.ufcv.fr\/rpe-13\/wp-json\/wp\/v2\/media?parent=44"}],"wp:term":[{"taxonomy":"category","embeddable":true,"href":"https:\/\/portail-animation.ufcv.fr\/rpe-13\/wp-json\/wp\/v2\/categories?post=44"},{"taxonomy":"post_tag","embeddable":true,"href":"https:\/\/portail-animation.ufcv.fr\/rpe-13\/wp-json\/wp\/v2\/tags?post=44"}],"curies":[{"name":"wp","href":"https:\/\/api.w.org\/{rel}","templated":true}]}}