{"id":148,"date":"2020-05-06T08:46:24","date_gmt":"2020-05-06T06:46:24","guid":{"rendered":"http:\/\/portail-animation.ufcv.fr\/ufcv-national\/?p=148"},"modified":"2020-05-28T13:43:51","modified_gmt":"2020-05-28T11:43:51","slug":"votre-accueil-de-loisirs-le-point-sur-la-reouverture","status":"publish","type":"post","link":"https:\/\/portail-animation.ufcv.fr\/ufcv-national\/2020\/05\/06\/votre-accueil-de-loisirs-le-point-sur-la-reouverture\/","title":{"rendered":"Votre accueil de loisirs : le point sur la r\u00e9ouverture"},"content":{"rendered":"<p>Ch\u00e8res familles,<\/p>\n<p>&nbsp;<\/p>\n<p>Une premi\u00e8re \u00e9tape du d\u00e9confinement aura lieu le 11 mai prochain avec la r\u00e9ouverture progressive des \u00e9coles \u00e9l\u00e9mentaires et maternelles.<\/p>\n<p>Pour autant, la situation diff\u00e8re pour les accueils de loisirs pour lesquels nous nous ne disposons pas, \u00e0 l\u2019heure actuelle, de directive officielle.<\/p>\n<p>Cependant, les \u00e9quipes d\u2019animation, toujours en veille malgr\u00e9 la fermeture totale ou partielle de nos sites depuis le 16 mars, pr\u00e9parent activement la r\u00e9ouverture des locaux et l\u2019accueil de vos enfants.<\/p>\n<p>Pour cela, en lien \u00e9troit avec vos \u00e9lus locaux et les services de l\u2019\u00c9tat, nous \u00e9laborons actuellement des protocoles sanitaires, repensons l\u2019am\u00e9nagement de nos sites et faisons \u00e9voluer nos projets p\u00e9dagogiques pour garantir le respect des mesures barri\u00e8res et continuer d\u2019offrir \u00e0 vos enfants des espaces ludiques et \u00e9ducatifs une fois le confinement progressivement lev\u00e9.<\/p>\n<p>Dans tous les cas, soyez assur\u00e9\u00b7e que nous reviendrons r\u00e9guli\u00e8rement vers vous afin de vous communiquer les modalit\u00e9s de r\u00e9ouverture de votre accueil de loisirs.<\/p>\n<p>L\u2019\u00e9quipe d\u2019animation Ufcv<\/p>\n","protected":false},"excerpt":{"rendered":"<p>Ch\u00e8res familles, &nbsp; Une premi\u00e8re \u00e9tape du d\u00e9confinement aura lieu le 11 mai prochain avec la r\u00e9ouverture progressive des \u00e9coles \u00e9l\u00e9mentaires et maternelles. Pour autant, la situation diff\u00e8re pour les accueils de loisirs pour lesquels nous nous ne disposons pas, [&hellip;]<\/p>\n","protected":false},"author":2,"featured_media":147,"comment_status":"closed","ping_status":"closed","sticky":false,"template":"","format":"standard","meta":{"_acf_changed":false,"footnotes":""},"categories":[1],"tags":[],"class_list":["post-148","post","type-post","status-publish","format-standard","has-post-thumbnail","hentry","category-non-classe"],"acf":[],"yoast_head":"<!-- This site is optimized with the Yoast SEO plugin v23.9 - https:\/\/yoast.com\/wordpress\/plugins\/seo\/ -->\r\n<title>Votre accueil de loisirs : le point sur la r\u00e9ouverture - Union Fran\u00e7aise des Centres de Vacances<\/title>\r\n<meta name=\"robots\" content=\"index, follow, max-snippet:-1, max-image-preview:large, max-video-preview:-1\" \/>\r\n<link rel=\"canonical\" href=\"https:\/\/portail-animation.ufcv.fr\/ufcv-national\/2020\/05\/06\/votre-accueil-de-loisirs-le-point-sur-la-reouverture\/\" \/>\r\n<meta property=\"og:locale\" content=\"fr_FR\" \/>\r\n<meta property=\"og:type\" content=\"article\" \/>\r\n<meta property=\"og:title\" content=\"Votre accueil de loisirs : le point sur la r\u00e9ouverture - Union Fran\u00e7aise des Centres de Vacances\" \/>\r\n<meta property=\"og:description\" content=\"Ch\u00e8res familles, &nbsp; Une premi\u00e8re \u00e9tape du d\u00e9confinement aura lieu le 11 mai prochain avec la r\u00e9ouverture progressive des \u00e9coles \u00e9l\u00e9mentaires et maternelles. Pour autant, la situation diff\u00e8re pour les accueils de loisirs pour lesquels nous nous ne disposons pas, [&hellip;]\" \/>\r\n<meta property=\"og:url\" content=\"https:\/\/portail-animation.ufcv.fr\/ufcv-national\/2020\/05\/06\/votre-accueil-de-loisirs-le-point-sur-la-reouverture\/\" \/>\r\n<meta property=\"og:site_name\" content=\"Union Fran\u00e7aise des Centres de Vacances\" \/>\r\n<meta property=\"article:published_time\" content=\"2020-05-06T06:46:24+00:00\" \/>\r\n<meta property=\"article:modified_time\" content=\"2020-05-28T11:43:51+00:00\" \/>\r\n<meta property=\"og:image\" content=\"https:\/\/portail-animation.ufcv.fr\/ufcv-national\/wp-content\/uploads\/sites\/139\/2020\/03\/Pop-Up-at-Avril2020.jpg\" \/>\r\n\t<meta property=\"og:image:width\" content=\"632\" \/>\r\n\t<meta property=\"og:image:height\" content=\"346\" \/>\r\n\t<meta property=\"og:image:type\" content=\"image\/jpeg\" \/>\r\n<meta name=\"author\" content=\"ufcv\" \/>\r\n<meta name=\"twitter:card\" content=\"summary_large_image\" \/>\r\n<meta name=\"twitter:label1\" content=\"\u00c9crit par\" \/>\n\t<meta name=\"twitter:data1\" content=\"ufcv\" \/>\n\t<meta name=\"twitter:label2\" content=\"Dur\u00e9e de lecture estim\u00e9e\" \/>\n\t<meta name=\"twitter:data2\" content=\"1 minute\" \/>\r\n<script type=\"application\/ld+json\" class=\"yoast-schema-graph\">{\"@context\":\"https:\/\/schema.org\",\"@graph\":[{\"@type\":\"WebPage\",\"@id\":\"https:\/\/portail-animation.ufcv.fr\/ufcv-national\/2020\/05\/06\/votre-accueil-de-loisirs-le-point-sur-la-reouverture\/\",\"url\":\"https:\/\/portail-animation.ufcv.fr\/ufcv-national\/2020\/05\/06\/votre-accueil-de-loisirs-le-point-sur-la-reouverture\/\",\"name\":\"Votre accueil de loisirs : le point sur la r\u00e9ouverture - Union Fran\u00e7aise des Centres de Vacances\",\"isPartOf\":{\"@id\":\"https:\/\/portail-animation.ufcv.fr\/ufcv-national\/#website\"},\"primaryImageOfPage\":{\"@id\":\"https:\/\/portail-animation.ufcv.fr\/ufcv-national\/2020\/05\/06\/votre-accueil-de-loisirs-le-point-sur-la-reouverture\/#primaryimage\"},\"image\":{\"@id\":\"https:\/\/portail-animation.ufcv.fr\/ufcv-national\/2020\/05\/06\/votre-accueil-de-loisirs-le-point-sur-la-reouverture\/#primaryimage\"},\"thumbnailUrl\":\"https:\/\/portail-animation.ufcv.fr\/ufcv-national\/wp-content\/uploads\/sites\/139\/2020\/03\/Pop-Up-at-Avril2020.jpg\",\"datePublished\":\"2020-05-06T06:46:24+00:00\",\"dateModified\":\"2020-05-28T11:43:51+00:00\",\"author\":{\"@id\":\"https:\/\/portail-animation.ufcv.fr\/ufcv-national\/#\/schema\/person\/db43aa028db181476994f6f3e275d5d1\"},\"breadcrumb\":{\"@id\":\"https:\/\/portail-animation.ufcv.fr\/ufcv-national\/2020\/05\/06\/votre-accueil-de-loisirs-le-point-sur-la-reouverture\/#breadcrumb\"},\"inLanguage\":\"fr-FR\",\"potentialAction\":[{\"@type\":\"ReadAction\",\"target\":[\"https:\/\/portail-animation.ufcv.fr\/ufcv-national\/2020\/05\/06\/votre-accueil-de-loisirs-le-point-sur-la-reouverture\/\"]}]},{\"@type\":\"ImageObject\",\"inLanguage\":\"fr-FR\",\"@id\":\"https:\/\/portail-animation.ufcv.fr\/ufcv-national\/2020\/05\/06\/votre-accueil-de-loisirs-le-point-sur-la-reouverture\/#primaryimage\",\"url\":\"https:\/\/portail-animation.ufcv.fr\/ufcv-national\/wp-content\/uploads\/sites\/139\/2020\/03\/Pop-Up-at-Avril2020.jpg\",\"contentUrl\":\"https:\/\/portail-animation.ufcv.fr\/ufcv-national\/wp-content\/uploads\/sites\/139\/2020\/03\/Pop-Up-at-Avril2020.jpg\",\"width\":632,\"height\":346},{\"@type\":\"BreadcrumbList\",\"@id\":\"https:\/\/portail-animation.ufcv.fr\/ufcv-national\/2020\/05\/06\/votre-accueil-de-loisirs-le-point-sur-la-reouverture\/#breadcrumb\",\"itemListElement\":[{\"@type\":\"ListItem\",\"position\":1,\"name\":\"Accueil\",\"item\":\"https:\/\/portail-animation.ufcv.fr\/ufcv-national\/\"},{\"@type\":\"ListItem\",\"position\":2,\"name\":\"Votre accueil de loisirs : le point sur la r\u00e9ouverture\"}]},{\"@type\":\"WebSite\",\"@id\":\"https:\/\/portail-animation.ufcv.fr\/ufcv-national\/#website\",\"url\":\"https:\/\/portail-animation.ufcv.fr\/ufcv-national\/\",\"name\":\"Union Fran\u00e7aise des Centres de Vacances\",\"description\":\"Un site utilisant R\u00e9seau Portail Animation\",\"potentialAction\":[{\"@type\":\"SearchAction\",\"target\":{\"@type\":\"EntryPoint\",\"urlTemplate\":\"https:\/\/portail-animation.ufcv.fr\/ufcv-national\/?s={search_term_string}\"},\"query-input\":{\"@type\":\"PropertyValueSpecification\",\"valueRequired\":true,\"valueName\":\"search_term_string\"}}],\"inLanguage\":\"fr-FR\"},{\"@type\":\"Person\",\"@id\":\"https:\/\/portail-animation.ufcv.fr\/ufcv-national\/#\/schema\/person\/db43aa028db181476994f6f3e275d5d1\",\"name\":\"ufcv\",\"image\":{\"@type\":\"ImageObject\",\"inLanguage\":\"fr-FR\",\"@id\":\"https:\/\/portail-animation.ufcv.fr\/ufcv-national\/#\/schema\/person\/image\/\",\"url\":\"https:\/\/secure.gravatar.com\/avatar\/8f85696e48ce9983e48d26cb63894c8e?s=96&d=mm&r=g\",\"contentUrl\":\"https:\/\/secure.gravatar.com\/avatar\/8f85696e48ce9983e48d26cb63894c8e?s=96&d=mm&r=g\",\"caption\":\"ufcv\"},\"url\":\"https:\/\/portail-animation.ufcv.fr\/ufcv-national\/author\/ufcv\/\"}]}<\/script>\r\n<!-- \/ Yoast SEO plugin. -->","yoast_head_json":{"title":"Votre accueil de loisirs : le point sur la r\u00e9ouverture - Union Fran\u00e7aise des Centres de Vacances","robots":{"index":"index","follow":"follow","max-snippet":"max-snippet:-1","max-image-preview":"max-image-preview:large","max-video-preview":"max-video-preview:-1"},"canonical":"https:\/\/portail-animation.ufcv.fr\/ufcv-national\/2020\/05\/06\/votre-accueil-de-loisirs-le-point-sur-la-reouverture\/","og_locale":"fr_FR","og_type":"article","og_title":"Votre accueil de loisirs : le point sur la r\u00e9ouverture - Union Fran\u00e7aise des Centres de Vacances","og_description":"Ch\u00e8res familles, &nbsp; Une premi\u00e8re \u00e9tape du d\u00e9confinement aura lieu le 11 mai prochain avec la r\u00e9ouverture progressive des \u00e9coles \u00e9l\u00e9mentaires et maternelles. Pour autant, la situation diff\u00e8re pour les accueils de loisirs pour lesquels nous nous ne disposons pas, [&hellip;]","og_url":"https:\/\/portail-animation.ufcv.fr\/ufcv-national\/2020\/05\/06\/votre-accueil-de-loisirs-le-point-sur-la-reouverture\/","og_site_name":"Union Fran\u00e7aise des Centres de Vacances","article_published_time":"2020-05-06T06:46:24+00:00","article_modified_time":"2020-05-28T11:43:51+00:00","og_image":[{"width":632,"height":346,"url":"https:\/\/portail-animation.ufcv.fr\/ufcv-national\/wp-content\/uploads\/sites\/139\/2020\/03\/Pop-Up-at-Avril2020.jpg","type":"image\/jpeg"}],"author":"ufcv","twitter_card":"summary_large_image","twitter_misc":{"\u00c9crit par":"ufcv","Dur\u00e9e de lecture estim\u00e9e":"1 minute"},"schema":{"@context":"https:\/\/schema.org","@graph":[{"@type":"WebPage","@id":"https:\/\/portail-animation.ufcv.fr\/ufcv-national\/2020\/05\/06\/votre-accueil-de-loisirs-le-point-sur-la-reouverture\/","url":"https:\/\/portail-animation.ufcv.fr\/ufcv-national\/2020\/05\/06\/votre-accueil-de-loisirs-le-point-sur-la-reouverture\/","name":"Votre accueil de loisirs : le point sur la r\u00e9ouverture - Union Fran\u00e7aise des Centres de Vacances","isPartOf":{"@id":"https:\/\/portail-animation.ufcv.fr\/ufcv-national\/#website"},"primaryImageOfPage":{"@id":"https:\/\/portail-animation.ufcv.fr\/ufcv-national\/2020\/05\/06\/votre-accueil-de-loisirs-le-point-sur-la-reouverture\/#primaryimage"},"image":{"@id":"https:\/\/portail-animation.ufcv.fr\/ufcv-national\/2020\/05\/06\/votre-accueil-de-loisirs-le-point-sur-la-reouverture\/#primaryimage"},"thumbnailUrl":"https:\/\/portail-animation.ufcv.fr\/ufcv-national\/wp-content\/uploads\/sites\/139\/2020\/03\/Pop-Up-at-Avril2020.jpg","datePublished":"2020-05-06T06:46:24+00:00","dateModified":"2020-05-28T11:43:51+00:00","author":{"@id":"https:\/\/portail-animation.ufcv.fr\/ufcv-national\/#\/schema\/person\/db43aa028db181476994f6f3e275d5d1"},"breadcrumb":{"@id":"https:\/\/portail-animation.ufcv.fr\/ufcv-national\/2020\/05\/06\/votre-accueil-de-loisirs-le-point-sur-la-reouverture\/#breadcrumb"},"inLanguage":"fr-FR","potentialAction":[{"@type":"ReadAction","target":["https:\/\/portail-animation.ufcv.fr\/ufcv-national\/2020\/05\/06\/votre-accueil-de-loisirs-le-point-sur-la-reouverture\/"]}]},{"@type":"ImageObject","inLanguage":"fr-FR","@id":"https:\/\/portail-animation.ufcv.fr\/ufcv-national\/2020\/05\/06\/votre-accueil-de-loisirs-le-point-sur-la-reouverture\/#primaryimage","url":"https:\/\/portail-animation.ufcv.fr\/ufcv-national\/wp-content\/uploads\/sites\/139\/2020\/03\/Pop-Up-at-Avril2020.jpg","contentUrl":"https:\/\/portail-animation.ufcv.fr\/ufcv-national\/wp-content\/uploads\/sites\/139\/2020\/03\/Pop-Up-at-Avril2020.jpg","width":632,"height":346},{"@type":"BreadcrumbList","@id":"https:\/\/portail-animation.ufcv.fr\/ufcv-national\/2020\/05\/06\/votre-accueil-de-loisirs-le-point-sur-la-reouverture\/#breadcrumb","itemListElement":[{"@type":"ListItem","position":1,"name":"Accueil","item":"https:\/\/portail-animation.ufcv.fr\/ufcv-national\/"},{"@type":"ListItem","position":2,"name":"Votre accueil de loisirs : le point sur la r\u00e9ouverture"}]},{"@type":"WebSite","@id":"https:\/\/portail-animation.ufcv.fr\/ufcv-national\/#website","url":"https:\/\/portail-animation.ufcv.fr\/ufcv-national\/","name":"Union Fran\u00e7aise des Centres de Vacances","description":"Un site utilisant R\u00e9seau Portail Animation","potentialAction":[{"@type":"SearchAction","target":{"@type":"EntryPoint","urlTemplate":"https:\/\/portail-animation.ufcv.fr\/ufcv-national\/?s={search_term_string}"},"query-input":{"@type":"PropertyValueSpecification","valueRequired":true,"valueName":"search_term_string"}}],"inLanguage":"fr-FR"},{"@type":"Person","@id":"https:\/\/portail-animation.ufcv.fr\/ufcv-national\/#\/schema\/person\/db43aa028db181476994f6f3e275d5d1","name":"ufcv","image":{"@type":"ImageObject","inLanguage":"fr-FR","@id":"https:\/\/portail-animation.ufcv.fr\/ufcv-national\/#\/schema\/person\/image\/","url":"https:\/\/secure.gravatar.com\/avatar\/8f85696e48ce9983e48d26cb63894c8e?s=96&d=mm&r=g","contentUrl":"https:\/\/secure.gravatar.com\/avatar\/8f85696e48ce9983e48d26cb63894c8e?s=96&d=mm&r=g","caption":"ufcv"},"url":"https:\/\/portail-animation.ufcv.fr\/ufcv-national\/author\/ufcv\/"}]}},"_links":{"self":[{"href":"https:\/\/portail-animation.ufcv.fr\/ufcv-national\/wp-json\/wp\/v2\/posts\/148","targetHints":{"allow":["GET"]}}],"collection":[{"href":"https:\/\/portail-animation.ufcv.fr\/ufcv-national\/wp-json\/wp\/v2\/posts"}],"about":[{"href":"https:\/\/portail-animation.ufcv.fr\/ufcv-national\/wp-json\/wp\/v2\/types\/post"}],"author":[{"embeddable":true,"href":"https:\/\/portail-animation.ufcv.fr\/ufcv-national\/wp-json\/wp\/v2\/users\/2"}],"replies":[{"embeddable":true,"href":"https:\/\/portail-animation.ufcv.fr\/ufcv-national\/wp-json\/wp\/v2\/comments?post=148"}],"version-history":[{"count":1,"href":"https:\/\/portail-animation.ufcv.fr\/ufcv-national\/wp-json\/wp\/v2\/posts\/148\/revisions"}],"predecessor-version":[{"id":149,"href":"https:\/\/portail-animation.ufcv.fr\/ufcv-national\/wp-json\/wp\/v2\/posts\/148\/revisions\/149"}],"wp:featuredmedia":[{"embeddable":true,"href":"https:\/\/portail-animation.ufcv.fr\/ufcv-national\/wp-json\/wp\/v2\/media\/147"}],"wp:attachment":[{"href":"https:\/\/portail-animation.ufcv.fr\/ufcv-national\/wp-json\/wp\/v2\/media?parent=148"}],"wp:term":[{"taxonomy":"category","embeddable":true,"href":"https:\/\/portail-animation.ufcv.fr\/ufcv-national\/wp-json\/wp\/v2\/categories?post=148"},{"taxonomy":"post_tag","embeddable":true,"href":"https:\/\/portail-animation.ufcv.fr\/ufcv-national\/wp-json\/wp\/v2\/tags?post=148"}],"curies":[{"name":"wp","href":"https:\/\/api.w.org\/{rel}","templated":true}]}}