{"id":242,"date":"2024-05-23T08:30:00","date_gmt":"2024-05-23T06:30:00","guid":{"rendered":"https:\/\/portail-animation.ufcv.fr\/ufcv-national\/?p=242"},"modified":"2024-05-16T13:50:37","modified_gmt":"2024-05-16T11:50:37","slug":"rompre-lisolement-des-personnes-agees-grace-aux-ateliers-de-lufcv","status":"publish","type":"post","link":"https:\/\/portail-animation.ufcv.fr\/ufcv-national\/2024\/05\/23\/rompre-lisolement-des-personnes-agees-grace-aux-ateliers-de-lufcv\/","title":{"rendered":"Rompre l&rsquo;isolement des personnes \u00e2g\u00e9es gr\u00e2ce aux ateliers de l&rsquo;UFCV"},"content":{"rendered":"\n<p>Selon <a href=\"https:\/\/www.petitsfreresdespauvres.fr\/informer\/nos-actualites\/nouveau-rapport-sur-l-isolement-530-000-personnes-agees-en-situation-de-mort-sociale-en-france\" target=\"_blank\" rel=\"noreferrer noopener\">le barom\u00e8tre publi\u00e9 en 2021<\/a> par Les Petits Fr\u00e8res des Pauvres, <strong>530 000 personnes \u00e2g\u00e9es sont en situation de mort sociale<\/strong> en France. Un terme fort qui signifie qu\u2019elles n\u2019ont aucun ou <strong>quasiment aucun contact<\/strong> avec un cercle familial, amical, de voisinage ou un r\u00e9seau associatif. Le pr\u00e9c\u00e9dent barom\u00e8tre, en 2017, faisait \u00e9tat de 300 000 personnes, soit <strong>une augmentation de 77 %<\/strong>.<\/p>\n\n\n\n<p>La loi du 28 d\u00e9cembre 2015 relative \u00e0 l\u2019adaptation de la soci\u00e9t\u00e9 au vieillissement, dite <a href=\"https:\/\/www.pour-les-personnes-agees.gouv.fr\/actualites\/la-loi-relative-a-ladaptation-de-la-societe-au-vieillissement\" target=\"_blank\" rel=\"noreferrer noopener\">loi ASV<\/a>, a remis<strong> l\u2019accompagnement de nos a\u00een\u00e9s<\/strong> <strong>au c\u0153ur des politiques publiques<\/strong>. Mais si les mesures li\u00e9es au logement, au transport ou \u00e0 l\u2019autonomie sont fondamentales,<strong> le lien social et interg\u00e9n\u00e9rationnel <\/strong>reste indispensable pour aider nos a\u00een\u00e9s \u00e0 pr\u00e9server leur sant\u00e9 mentale.<\/p>\n\n\n\n<p>L\u2019UFCV se mobilise au quotidien pour <strong>lutter contre l\u2019isolement des s\u00e9niors<\/strong> via plusieurs<strong> dispositifs d\u00e9di\u00e9s <\/strong>\u00e0 ces publics.<\/p>\n\n\n\n<p class=\"has-medium-font-size\"><strong>Les ateliers num\u00e9riques<\/strong><strong><\/strong><\/p>\n\n\n\n<p>Le num\u00e9rique reste un <strong>facteur d\u2019exclusion<\/strong> majeur pour les s\u00e9niors. Acc\u00e9der \u00e0 un service en ligne ou<strong> garder le contact avec ses proches <\/strong>n\u00e9cessite de se sentir \u00e0 l\u2019aise avec ces nouveaux outils. Face \u00e0 ce constat, l\u2019UFCV met en place<strong> des ateliers num\u00e9riques<\/strong> destin\u00e9s aux a\u00een\u00e9s sur l\u2019ensemble du territoire. Propos\u00e9s gratuitement, ils sont anim\u00e9s par un formateur professionnel ou un volontaire en mission de Service Civique.&nbsp;<\/p>\n\n\n\n<p>Une fois par semaine, sur une p\u00e9riode minimale de 12 semaines, une dizaine de participants se regroupe pour <strong>s\u2019initier \u00e0 l\u2019usage d\u2019un ordinateur<\/strong> et \u00e0 la navigation sur Internet. Au-del\u00e0 de favoriser l\u2019autonomie, ces ateliers constituent un bon moyen de <strong>sortir du quotidien<\/strong> et de <strong>se retrouver en groupe<\/strong> autour d\u2019une activit\u00e9 d\u2019apprentissage bienveillante.<\/p>\n\n\n\n<p class=\"has-medium-font-size\"><strong>Les ateliers culturels<\/strong><strong><\/strong><\/p>\n\n\n\n<p>L\u2019isolement des s\u00e9niors se traduit bien souvent par <strong>une inactivit\u00e9<\/strong>. Comment leur offrir du temps pour prendre soin d\u2019eux, pour apprendre, pour vivre et vieillir ensemble ? Dans plusieurs villes, l\u2019UFCV propose ainsi des <strong>activit\u00e9s de loisirs pour les a\u00een\u00e9s<\/strong>.&nbsp;<\/p>\n\n\n\n<p>Cuisine, yoga, balades, sorties touristiques\u2026 Ces ateliers permettent aux participants de <strong>s\u2019int\u00e9grer dans un groupe<\/strong>, de discuter et de rire, mais aussi de se sentir motiv\u00e9s par un rendez-vous r\u00e9gulier. Ils sont le fruit d\u2019une <strong>r\u00e9elle collaboration entre l\u2019UFCV et les collectivit\u00e9s locales<\/strong>, qui avancent main dans la main pour proposer ces temps forts aux personnes \u00e2g\u00e9es de leur territoire.<\/p>\n\n\n\n<p>Pour en savoir plus, n\u2019h\u00e9sitez pas \u00e0 contacter la d\u00e9l\u00e9gation UFCV de votre r\u00e9gion&nbsp;!<\/p>\n","protected":false},"excerpt":{"rendered":"<p>Selon le barom\u00e8tre publi\u00e9 en 2021 par Les Petits Fr\u00e8res des Pauvres, 530 000 personnes \u00e2g\u00e9es sont en situation de mort sociale en France. Un terme fort qui signifie qu\u2019elles n\u2019ont aucun ou quasiment aucun contact avec un cercle familial, [&hellip;]<\/p>\n","protected":false},"author":2,"featured_media":244,"comment_status":"open","ping_status":"open","sticky":false,"template":"","format":"standard","meta":{"_acf_changed":false,"footnotes":""},"categories":[1],"tags":[2],"class_list":["post-242","post","type-post","status-publish","format-standard","has-post-thumbnail","hentry","category-non-classe","tag-portail"],"acf":[],"yoast_head":"<!-- This site is optimized with the Yoast SEO plugin v23.9 - https:\/\/yoast.com\/wordpress\/plugins\/seo\/ -->\r\n<title>Rompre l&#039;isolement des personnes \u00e2g\u00e9es gr\u00e2ce aux ateliers de l&#039;UFCV - Union Fran\u00e7aise des Centres de Vacances<\/title>\r\n<meta name=\"robots\" content=\"index, follow, max-snippet:-1, max-image-preview:large, max-video-preview:-1\" \/>\r\n<link rel=\"canonical\" href=\"https:\/\/portail-animation.ufcv.fr\/ufcv-national\/2024\/05\/23\/rompre-lisolement-des-personnes-agees-grace-aux-ateliers-de-lufcv\/\" \/>\r\n<meta property=\"og:locale\" content=\"fr_FR\" \/>\r\n<meta property=\"og:type\" content=\"article\" \/>\r\n<meta property=\"og:title\" content=\"Rompre l&#039;isolement des personnes \u00e2g\u00e9es gr\u00e2ce aux ateliers de l&#039;UFCV - Union Fran\u00e7aise des Centres de Vacances\" \/>\r\n<meta property=\"og:description\" content=\"Selon le barom\u00e8tre publi\u00e9 en 2021 par Les Petits Fr\u00e8res des Pauvres, 530 000 personnes \u00e2g\u00e9es sont en situation de mort sociale en France. Un terme fort qui signifie qu\u2019elles n\u2019ont aucun ou quasiment aucun contact avec un cercle familial, [&hellip;]\" \/>\r\n<meta property=\"og:url\" content=\"https:\/\/portail-animation.ufcv.fr\/ufcv-national\/2024\/05\/23\/rompre-lisolement-des-personnes-agees-grace-aux-ateliers-de-lufcv\/\" \/>\r\n<meta property=\"og:site_name\" content=\"Union Fran\u00e7aise des Centres de Vacances\" \/>\r\n<meta property=\"article:published_time\" content=\"2024-05-23T06:30:00+00:00\" \/>\r\n<meta property=\"article:modified_time\" content=\"2024-05-16T11:50:37+00:00\" \/>\r\n<meta property=\"og:image\" content=\"https:\/\/portail-animation.ufcv.fr\/ufcv-national\/wp-content\/uploads\/sites\/139\/2024\/03\/isolement.jpg\" \/>\r\n\t<meta property=\"og:image:width\" content=\"632\" \/>\r\n\t<meta property=\"og:image:height\" content=\"346\" \/>\r\n\t<meta property=\"og:image:type\" content=\"image\/jpeg\" \/>\r\n<meta name=\"author\" content=\"ufcv\" \/>\r\n<meta name=\"twitter:card\" content=\"summary_large_image\" \/>\r\n<meta name=\"twitter:label1\" content=\"\u00c9crit par\" \/>\n\t<meta name=\"twitter:data1\" content=\"ufcv\" \/>\n\t<meta name=\"twitter:label2\" content=\"Dur\u00e9e de lecture estim\u00e9e\" \/>\n\t<meta name=\"twitter:data2\" content=\"3 minutes\" \/>\r\n<script type=\"application\/ld+json\" class=\"yoast-schema-graph\">{\"@context\":\"https:\/\/schema.org\",\"@graph\":[{\"@type\":\"WebPage\",\"@id\":\"https:\/\/portail-animation.ufcv.fr\/ufcv-national\/2024\/05\/23\/rompre-lisolement-des-personnes-agees-grace-aux-ateliers-de-lufcv\/\",\"url\":\"https:\/\/portail-animation.ufcv.fr\/ufcv-national\/2024\/05\/23\/rompre-lisolement-des-personnes-agees-grace-aux-ateliers-de-lufcv\/\",\"name\":\"Rompre l'isolement des personnes \u00e2g\u00e9es gr\u00e2ce aux ateliers de l'UFCV - Union Fran\u00e7aise des Centres de Vacances\",\"isPartOf\":{\"@id\":\"https:\/\/portail-animation.ufcv.fr\/ufcv-national\/#website\"},\"primaryImageOfPage\":{\"@id\":\"https:\/\/portail-animation.ufcv.fr\/ufcv-national\/2024\/05\/23\/rompre-lisolement-des-personnes-agees-grace-aux-ateliers-de-lufcv\/#primaryimage\"},\"image\":{\"@id\":\"https:\/\/portail-animation.ufcv.fr\/ufcv-national\/2024\/05\/23\/rompre-lisolement-des-personnes-agees-grace-aux-ateliers-de-lufcv\/#primaryimage\"},\"thumbnailUrl\":\"https:\/\/portail-animation.ufcv.fr\/ufcv-national\/wp-content\/uploads\/sites\/139\/2024\/03\/isolement.jpg\",\"datePublished\":\"2024-05-23T06:30:00+00:00\",\"dateModified\":\"2024-05-16T11:50:37+00:00\",\"author\":{\"@id\":\"https:\/\/portail-animation.ufcv.fr\/ufcv-national\/#\/schema\/person\/db43aa028db181476994f6f3e275d5d1\"},\"breadcrumb\":{\"@id\":\"https:\/\/portail-animation.ufcv.fr\/ufcv-national\/2024\/05\/23\/rompre-lisolement-des-personnes-agees-grace-aux-ateliers-de-lufcv\/#breadcrumb\"},\"inLanguage\":\"fr-FR\",\"potentialAction\":[{\"@type\":\"ReadAction\",\"target\":[\"https:\/\/portail-animation.ufcv.fr\/ufcv-national\/2024\/05\/23\/rompre-lisolement-des-personnes-agees-grace-aux-ateliers-de-lufcv\/\"]}]},{\"@type\":\"ImageObject\",\"inLanguage\":\"fr-FR\",\"@id\":\"https:\/\/portail-animation.ufcv.fr\/ufcv-national\/2024\/05\/23\/rompre-lisolement-des-personnes-agees-grace-aux-ateliers-de-lufcv\/#primaryimage\",\"url\":\"https:\/\/portail-animation.ufcv.fr\/ufcv-national\/wp-content\/uploads\/sites\/139\/2024\/03\/isolement.jpg\",\"contentUrl\":\"https:\/\/portail-animation.ufcv.fr\/ufcv-national\/wp-content\/uploads\/sites\/139\/2024\/03\/isolement.jpg\",\"width\":632,\"height\":346},{\"@type\":\"BreadcrumbList\",\"@id\":\"https:\/\/portail-animation.ufcv.fr\/ufcv-national\/2024\/05\/23\/rompre-lisolement-des-personnes-agees-grace-aux-ateliers-de-lufcv\/#breadcrumb\",\"itemListElement\":[{\"@type\":\"ListItem\",\"position\":1,\"name\":\"Accueil\",\"item\":\"https:\/\/portail-animation.ufcv.fr\/ufcv-national\/\"},{\"@type\":\"ListItem\",\"position\":2,\"name\":\"Rompre l&rsquo;isolement des personnes \u00e2g\u00e9es gr\u00e2ce aux ateliers de l&rsquo;UFCV\"}]},{\"@type\":\"WebSite\",\"@id\":\"https:\/\/portail-animation.ufcv.fr\/ufcv-national\/#website\",\"url\":\"https:\/\/portail-animation.ufcv.fr\/ufcv-national\/\",\"name\":\"Union Fran\u00e7aise des Centres de Vacances\",\"description\":\"Un site utilisant R\u00e9seau Portail Animation\",\"potentialAction\":[{\"@type\":\"SearchAction\",\"target\":{\"@type\":\"EntryPoint\",\"urlTemplate\":\"https:\/\/portail-animation.ufcv.fr\/ufcv-national\/?s={search_term_string}\"},\"query-input\":{\"@type\":\"PropertyValueSpecification\",\"valueRequired\":true,\"valueName\":\"search_term_string\"}}],\"inLanguage\":\"fr-FR\"},{\"@type\":\"Person\",\"@id\":\"https:\/\/portail-animation.ufcv.fr\/ufcv-national\/#\/schema\/person\/db43aa028db181476994f6f3e275d5d1\",\"name\":\"ufcv\",\"image\":{\"@type\":\"ImageObject\",\"inLanguage\":\"fr-FR\",\"@id\":\"https:\/\/portail-animation.ufcv.fr\/ufcv-national\/#\/schema\/person\/image\/\",\"url\":\"https:\/\/secure.gravatar.com\/avatar\/8f85696e48ce9983e48d26cb63894c8e?s=96&d=mm&r=g\",\"contentUrl\":\"https:\/\/secure.gravatar.com\/avatar\/8f85696e48ce9983e48d26cb63894c8e?s=96&d=mm&r=g\",\"caption\":\"ufcv\"},\"url\":\"https:\/\/portail-animation.ufcv.fr\/ufcv-national\/author\/ufcv\/\"}]}<\/script>\r\n<!-- \/ Yoast SEO plugin. -->","yoast_head_json":{"title":"Rompre l'isolement des personnes \u00e2g\u00e9es gr\u00e2ce aux ateliers de l'UFCV - Union Fran\u00e7aise des Centres de Vacances","robots":{"index":"index","follow":"follow","max-snippet":"max-snippet:-1","max-image-preview":"max-image-preview:large","max-video-preview":"max-video-preview:-1"},"canonical":"https:\/\/portail-animation.ufcv.fr\/ufcv-national\/2024\/05\/23\/rompre-lisolement-des-personnes-agees-grace-aux-ateliers-de-lufcv\/","og_locale":"fr_FR","og_type":"article","og_title":"Rompre l'isolement des personnes \u00e2g\u00e9es gr\u00e2ce aux ateliers de l'UFCV - Union Fran\u00e7aise des Centres de Vacances","og_description":"Selon le barom\u00e8tre publi\u00e9 en 2021 par Les Petits Fr\u00e8res des Pauvres, 530 000 personnes \u00e2g\u00e9es sont en situation de mort sociale en France. Un terme fort qui signifie qu\u2019elles n\u2019ont aucun ou quasiment aucun contact avec un cercle familial, [&hellip;]","og_url":"https:\/\/portail-animation.ufcv.fr\/ufcv-national\/2024\/05\/23\/rompre-lisolement-des-personnes-agees-grace-aux-ateliers-de-lufcv\/","og_site_name":"Union Fran\u00e7aise des Centres de Vacances","article_published_time":"2024-05-23T06:30:00+00:00","article_modified_time":"2024-05-16T11:50:37+00:00","og_image":[{"width":632,"height":346,"url":"https:\/\/portail-animation.ufcv.fr\/ufcv-national\/wp-content\/uploads\/sites\/139\/2024\/03\/isolement.jpg","type":"image\/jpeg"}],"author":"ufcv","twitter_card":"summary_large_image","twitter_misc":{"\u00c9crit par":"ufcv","Dur\u00e9e de lecture estim\u00e9e":"3 minutes"},"schema":{"@context":"https:\/\/schema.org","@graph":[{"@type":"WebPage","@id":"https:\/\/portail-animation.ufcv.fr\/ufcv-national\/2024\/05\/23\/rompre-lisolement-des-personnes-agees-grace-aux-ateliers-de-lufcv\/","url":"https:\/\/portail-animation.ufcv.fr\/ufcv-national\/2024\/05\/23\/rompre-lisolement-des-personnes-agees-grace-aux-ateliers-de-lufcv\/","name":"Rompre l'isolement des personnes \u00e2g\u00e9es gr\u00e2ce aux ateliers de l'UFCV - Union Fran\u00e7aise des Centres de Vacances","isPartOf":{"@id":"https:\/\/portail-animation.ufcv.fr\/ufcv-national\/#website"},"primaryImageOfPage":{"@id":"https:\/\/portail-animation.ufcv.fr\/ufcv-national\/2024\/05\/23\/rompre-lisolement-des-personnes-agees-grace-aux-ateliers-de-lufcv\/#primaryimage"},"image":{"@id":"https:\/\/portail-animation.ufcv.fr\/ufcv-national\/2024\/05\/23\/rompre-lisolement-des-personnes-agees-grace-aux-ateliers-de-lufcv\/#primaryimage"},"thumbnailUrl":"https:\/\/portail-animation.ufcv.fr\/ufcv-national\/wp-content\/uploads\/sites\/139\/2024\/03\/isolement.jpg","datePublished":"2024-05-23T06:30:00+00:00","dateModified":"2024-05-16T11:50:37+00:00","author":{"@id":"https:\/\/portail-animation.ufcv.fr\/ufcv-national\/#\/schema\/person\/db43aa028db181476994f6f3e275d5d1"},"breadcrumb":{"@id":"https:\/\/portail-animation.ufcv.fr\/ufcv-national\/2024\/05\/23\/rompre-lisolement-des-personnes-agees-grace-aux-ateliers-de-lufcv\/#breadcrumb"},"inLanguage":"fr-FR","potentialAction":[{"@type":"ReadAction","target":["https:\/\/portail-animation.ufcv.fr\/ufcv-national\/2024\/05\/23\/rompre-lisolement-des-personnes-agees-grace-aux-ateliers-de-lufcv\/"]}]},{"@type":"ImageObject","inLanguage":"fr-FR","@id":"https:\/\/portail-animation.ufcv.fr\/ufcv-national\/2024\/05\/23\/rompre-lisolement-des-personnes-agees-grace-aux-ateliers-de-lufcv\/#primaryimage","url":"https:\/\/portail-animation.ufcv.fr\/ufcv-national\/wp-content\/uploads\/sites\/139\/2024\/03\/isolement.jpg","contentUrl":"https:\/\/portail-animation.ufcv.fr\/ufcv-national\/wp-content\/uploads\/sites\/139\/2024\/03\/isolement.jpg","width":632,"height":346},{"@type":"BreadcrumbList","@id":"https:\/\/portail-animation.ufcv.fr\/ufcv-national\/2024\/05\/23\/rompre-lisolement-des-personnes-agees-grace-aux-ateliers-de-lufcv\/#breadcrumb","itemListElement":[{"@type":"ListItem","position":1,"name":"Accueil","item":"https:\/\/portail-animation.ufcv.fr\/ufcv-national\/"},{"@type":"ListItem","position":2,"name":"Rompre l&rsquo;isolement des personnes \u00e2g\u00e9es gr\u00e2ce aux ateliers de l&rsquo;UFCV"}]},{"@type":"WebSite","@id":"https:\/\/portail-animation.ufcv.fr\/ufcv-national\/#website","url":"https:\/\/portail-animation.ufcv.fr\/ufcv-national\/","name":"Union Fran\u00e7aise des Centres de Vacances","description":"Un site utilisant R\u00e9seau Portail Animation","potentialAction":[{"@type":"SearchAction","target":{"@type":"EntryPoint","urlTemplate":"https:\/\/portail-animation.ufcv.fr\/ufcv-national\/?s={search_term_string}"},"query-input":{"@type":"PropertyValueSpecification","valueRequired":true,"valueName":"search_term_string"}}],"inLanguage":"fr-FR"},{"@type":"Person","@id":"https:\/\/portail-animation.ufcv.fr\/ufcv-national\/#\/schema\/person\/db43aa028db181476994f6f3e275d5d1","name":"ufcv","image":{"@type":"ImageObject","inLanguage":"fr-FR","@id":"https:\/\/portail-animation.ufcv.fr\/ufcv-national\/#\/schema\/person\/image\/","url":"https:\/\/secure.gravatar.com\/avatar\/8f85696e48ce9983e48d26cb63894c8e?s=96&d=mm&r=g","contentUrl":"https:\/\/secure.gravatar.com\/avatar\/8f85696e48ce9983e48d26cb63894c8e?s=96&d=mm&r=g","caption":"ufcv"},"url":"https:\/\/portail-animation.ufcv.fr\/ufcv-national\/author\/ufcv\/"}]}},"_links":{"self":[{"href":"https:\/\/portail-animation.ufcv.fr\/ufcv-national\/wp-json\/wp\/v2\/posts\/242","targetHints":{"allow":["GET"]}}],"collection":[{"href":"https:\/\/portail-animation.ufcv.fr\/ufcv-national\/wp-json\/wp\/v2\/posts"}],"about":[{"href":"https:\/\/portail-animation.ufcv.fr\/ufcv-national\/wp-json\/wp\/v2\/types\/post"}],"author":[{"embeddable":true,"href":"https:\/\/portail-animation.ufcv.fr\/ufcv-national\/wp-json\/wp\/v2\/users\/2"}],"replies":[{"embeddable":true,"href":"https:\/\/portail-animation.ufcv.fr\/ufcv-national\/wp-json\/wp\/v2\/comments?post=242"}],"version-history":[{"count":1,"href":"https:\/\/portail-animation.ufcv.fr\/ufcv-national\/wp-json\/wp\/v2\/posts\/242\/revisions"}],"predecessor-version":[{"id":243,"href":"https:\/\/portail-animation.ufcv.fr\/ufcv-national\/wp-json\/wp\/v2\/posts\/242\/revisions\/243"}],"wp:featuredmedia":[{"embeddable":true,"href":"https:\/\/portail-animation.ufcv.fr\/ufcv-national\/wp-json\/wp\/v2\/media\/244"}],"wp:attachment":[{"href":"https:\/\/portail-animation.ufcv.fr\/ufcv-national\/wp-json\/wp\/v2\/media?parent=242"}],"wp:term":[{"taxonomy":"category","embeddable":true,"href":"https:\/\/portail-animation.ufcv.fr\/ufcv-national\/wp-json\/wp\/v2\/categories?post=242"},{"taxonomy":"post_tag","embeddable":true,"href":"https:\/\/portail-animation.ufcv.fr\/ufcv-national\/wp-json\/wp\/v2\/tags?post=242"}],"curies":[{"name":"wp","href":"https:\/\/api.w.org\/{rel}","templated":true}]}}